{"id":4023,"date":"2021-08-29T19:14:39","date_gmt":"2021-08-29T18:14:39","guid":{"rendered":"http:\/\/sharep.io\/en\/?p=4023"},"modified":"2026-08-20T08:56:53","modified_gmt":"2026-08-20T07:56:53","slug":"parken-in-zurich-fuhrerzonen-gebuhrenpflichtige-zonen-mitbenutzung-privater-platze","status":"publish","type":"post","link":"https:\/\/sharep.io\/ch\/parken-in-zurich-fuhrerzonen-gebuhrenpflichtige-zonen-mitbenutzung-privater-platze\/","title":{"rendered":"Parken in Z\u00fcrich - Parkpl\u00e4tze, geb\u00fchrenpflichtige Zonen, private Parkpl\u00e4tze teilen"},"content":{"rendered":"<h1>Der komplette Guide zum Parkieren in Z\u00fcrich - Strassen, Parkh\u00e4user, geteilte Privatpl\u00e4tze und g\u00fcnstiges Parkieren in Z\u00fcrich<\/h1>\n<p>Hier erkl\u00e4ren wir <strong>alle Parkregeln<\/strong> in Z\u00fcrich: <a href=\"#ranking\">Ranking<\/a> von Parkfl\u00e4chen, die <a href=\"#cheapest park\">billigstes Parken<\/a> Parkpl\u00e4tze, das Funktionieren der \u00f6ffentlichen geb\u00fchrenpflichtigen Parkpl\u00e4tze <a href=\"#zones\">Zonen<\/a>, EV <a href=\"#ev\">Ladepunkte<\/a> - und das Ganze wird geteilt durch <a href=\"#lots\">Standort<\/a>.<\/p>\n<h5><\/h5>\n<p>&nbsp;<\/p>\n<p><head><br \/>\n<script async src=\"https:\/\/pagead2.googlesyndication.com\/pagead\/js\/adsbygoogle.js?client=ca-pub-3595863203127268\"\n     crossorigin=\"anonymous\"><\/script><br \/>\n<\/head><\/p>\n<h3><strong>Das Inhaltsverzeichnis:<\/strong><\/h3>\n<p>&nbsp;<\/p>\n<h5 id=\"ranking\" class=\"offset\">Ranglisten:<\/h5>\n<ul>\n<li style=\"list-style-type: none;\">\n<ul>\n<li style=\"list-style-type: none;\">\n<ul>\n<li style=\"list-style-type: none;\">\n<ul>\n<li>Das billigste Park and Ride\n<ul>\n<li><a href=\"#Viktoriastrasse\">Viktoriastra\u00dfe - Share.P<\/a><\/li>\n<\/ul>\n<\/li>\n<li>Der beliebteste Parkplatz\n<ul>\n<li><a href=\"#city-parking\">Parken in der Stadt<\/a><\/li>\n<li><a href=\"#hohe-promenade\">Parkhaus Hohe Promenade<\/a><\/li>\n<li><a href=\"#Utoquai\">Utoquai<\/a><\/li>\n<\/ul>\n<\/li>\n<li>Das h\u00f6chstm\u00f6gliche Fahrzeug in der Tiefgarage\n<ul>\n<li><a href=\"#messe\">Messe<\/a><\/li>\n<li><a href=\"#max\">Max-Bill-Platz<\/a><\/li>\n<li><a href=\"#talgarten\">Talgarten<\/a><\/li>\n<\/ul>\n<\/li>\n<\/ul>\n<\/li>\n<\/ul>\n<\/li>\n<\/ul>\n<\/li>\n<\/ul>\n<ul>\n<li>\n<h6 id=\"ev\" class=\"offset\"><strong>Ladestationen f\u00fcr Elektrofahrzeuge in Z\u00fcrich<\/strong><\/h6>\n<\/li>\n<\/ul>\n<ul>\n<li style=\"list-style-type: none;\">\n<ul>\n<li style=\"list-style-type: none;\">\n<ul>\n<li><a href=\"#accu\">Accu<\/a><\/li>\n<li><a href=\"#bleicherweg\">Bleicherweg<\/a><\/li>\n<li><a href=\"#eleven\">Zentrum Elf<\/a><\/li>\n<li><a href=\"#city-parking\">Parken in der Stadt<\/a><\/li>\n<li><a href=\"#cityport\">Stadthafen<\/a><\/li>\n<li><a href=\"#crowne\">Crowne Plaza<\/a><\/li>\n<li><a href=\"#dorflinde\">Dorflinde<\/a><\/li>\n<li><a href=\"#feldegg\">Feldegg<\/a><\/li>\n<li><a href=\"#globus\">Globus<\/a><\/li>\n<li><a href=\"#hardau\">Hardau II<\/a><\/li>\n<li><a href=\"#hauptbahnhof\">Hauptbahnhof<\/a><\/li>\n<li><a href=\"#Helvetiaplatz\">Helvetiaplatz<\/a><\/li>\n<li><a href=\"#hohe-promenade\">Parkhaus Hohe Promenade<\/a><\/li>\n<li><a href=\"#jelmoli\">Jelmoli<\/a><\/li>\n<li><a href=\"#messe\">Messe<\/a><\/li>\n<li><a href=\"#nordhaus\">Nordhaus<\/a><\/li>\n<li><a href=\"#opera\">Op\u00e9ra<\/a><\/li>\n<li><a href=\"#west\">P West<\/a><\/li>\n<li><a href=\"#hyatt\">Park Hyatt<\/a><\/li>\n<li><a href=\"#puls\">Puls 5<\/a><\/li>\n<li><a href=\"#Stampfenbach\">Stampfenbach<\/a><\/li>\n<li><a href=\"#talgarten\">Talgarten<\/a><\/li>\n<li><a href=\"#uni\">Uni Irchel<\/a><\/li>\n<li><a href=\"#urania\">Urania<\/a><\/li>\n<li><a href=\"#usznord\">USZ Nord<\/a><\/li>\n<li><a href=\"#Utoquai\">Utoquai<\/a><\/li>\n<li><a href=\"#zuri\">Z\u00fcri 11<\/a><\/li>\n<\/ul>\n<\/li>\n<\/ul>\n<\/li>\n<\/ul>\n<p>&nbsp;<\/p>\n<h4 id=\"cheapest park\" class=\"offset\"><strong>Das billigste in Z\u00fcrich<br \/>\n<\/strong><\/h4>\n<p>&nbsp;<\/p>\n<ul>\n<li>\n<h5><strong>f\u00fcr Kurzaufenthalte (einschlie\u00dflich 4-st\u00fcndiger Zwischenlandung)<\/strong><\/h5>\n<ul>\n<li>\n<h6>in Altstetten \/ Z\u00fcrich-West<\/h6>\n<ul>\n<li><a href=\"#Werdholzlistrasse\">Werdh\u00f6lzlistrasse - Share.P<\/a><\/li>\n<li><a href=\"#hardau\">Hardau II<\/a><\/li>\n<li><a href=\"#Albisriederplatz\">Albisriederplatz<\/a><\/li>\n<\/ul>\n<\/li>\n<li>\n<h6>\u00a0im Stadtzentrum - Innenstadt<\/h6>\n<ul>\n<li><a href=\"#feldegg\">Feldegg<\/a><\/li>\n<li><a href=\"#zurich\">Z\u00fcrichhorn<\/a><\/li>\n<li><a href=\"#Stampfenbach\">Stampfenbach<\/a><\/li>\n<\/ul>\n<\/li>\n<li>\n<h6>\u00a0in Oerlikon<\/h6>\n<ul>\n<li><a href=\"#Viktoriastrasse\">Viktoriastra\u00dfe - Share.P<\/a><\/li>\n<li><a href=\"#dorflinde\">Dorflinde<\/a><\/li>\n<li><a href=\"#zuri\">Z\u00fcri 11<\/a><\/li>\n<\/ul>\n<\/li>\n<\/ul>\n<\/li>\n<\/ul>\n<ul>\n<li style=\"list-style-type: none;\"><\/li>\n<li>\n<h5><strong>f\u00fcr ganzt\u00e4gigen Aufenthalt (8:00 - 00:00)<\/strong><\/h5>\n<ul>\n<li>\n<h6>in Altstetten \/ Z\u00fcrich-West<\/h6>\n<ul>\n<li><a href=\"#Werdholzlistrasse\">Werdh\u00f6lzlistrasse - Share.P<\/a><\/li>\n<li><a href=\"#west\">P West<\/a><\/li>\n<li><a href=\"#hardau\">Hardau II<\/a><\/li>\n<\/ul>\n<\/li>\n<li>\n<h6>im Stadtzentrum - Innenstadt<\/h6>\n<ul>\n<li><a href=\"#zurich\">Z\u00fcrichhorn<\/a><\/li>\n<\/ul>\n<ul>\n<li><a href=\"#Utoquai\">Utoquai<\/a><\/li>\n<li><a href=\"#bleicherweg\">Bleicherweg<\/a><\/li>\n<\/ul>\n<\/li>\n<li>\n<h6>in Oerlikon<\/h6>\n<ul>\n<li><a href=\"#Viktoriastrasse\">Viktoriastra\u00dfe - Share.P<\/a><\/li>\n<li><a href=\"#eleven\">Zentrum Elf<\/a><\/li>\n<\/ul>\n<\/li>\n<\/ul>\n<\/li>\n<\/ul>\n<ul>\n<li style=\"list-style-type: none;\"><\/li>\n<\/ul>\n<p>&nbsp;<\/p>\n<ul>\n<li>\n<h6 id=\"zones\" class=\"offset\"><strong>Geb\u00fchrenpflichtige Parkzonen:<\/strong><\/h6>\n<\/li>\n<\/ul>\n<ul>\n<li style=\"list-style-type: none;\">\n<ul>\n<li><a href=\"#blue\">Blau<\/a><\/li>\n<li><a href=\"#white\">Wei\u00df<\/a><\/li>\n<li><a href=\"#book-a-spot\">einen Platz reservieren<\/a><\/li>\n<li><a href=\"#yellow\">Gelb<\/a><\/li>\n<li><a href=\"#whole-day-ticket\">Ganztageskarte<\/a><\/li>\n<\/ul>\n<\/li>\n<\/ul>\n<p>&nbsp;<\/p>\n<ul>\n<li>\n<h6 id=\"lots\" class=\"offset\"><strong>Parkpl\u00e4tze (auch private Fl\u00e4chen):<\/strong><\/h6>\n<\/li>\n<\/ul>\n<p>&nbsp;<\/p>\n<ul>\n<li style=\"list-style-type: none;\">\n<ul>\n<li><strong><strong>Altstetten \/ <\/strong><\/strong><strong>Z\u00fcrich-West<\/strong><strong>:<\/strong>\n<ul>\n<li><a href=\"#Werdholzlistrasse\">Werdh\u00f6lzlistrasse - Share.P<\/a><\/li>\n<li><a href=\"#west\">P West<\/a><\/li>\n<li><a href=\"#Albisriederplatz\">Albisriederplatz<\/a><\/li>\n<li><a href=\"#puls\">Puls 5<\/a><\/li>\n<li><a href=\"#crowne\">Crowne Plaza<\/a><\/li>\n<li><a href=\"#hardau\">Hardau II<\/a><\/li>\n<li><a href=\"#Pfingstweid\">Pfingstweid<\/a><\/li>\n<\/ul>\n<\/li>\n<li><strong>Stadtzentrum - Innenstadt:<\/strong>\n<ul>\n<li>Stadt:\n<ul>\n<li><a href=\"#Helvetiaplatz\">Helvetiaplatz<\/a><\/li>\n<li><a href=\"#Stampfenbach\">Stampfenbach<\/a><\/li>\n<li><a href=\"#city-parking\">Parken in der Stadt<\/a><\/li>\n<li><a href=\"#urania\">Urania<\/a><\/li>\n<li><a href=\"#globus\">Globus<\/a><\/li>\n<li><a href=\"#jelmoli\">Jelmoli<\/a><\/li>\n<li><a href=\"#talgarten\">Talgarten<\/a><\/li>\n<li><a href=\"#hauptbahnhof\">Hauptbahnhof<\/a><\/li>\n<li><a href=\"#usznord\">USZ Nord<\/a><\/li>\n<li><a href=\"#uszsud\">USZ S\u00fcd<\/a><\/li>\n<\/ul>\n<\/li>\n<li>Kongresszentrum:\n<ul>\n<li><a href=\"#bleicherweg\">Bleicherweg<\/a><\/li>\n<li><a href=\"#hyatt\">Park Hyatt<\/a><\/li>\n<\/ul>\n<\/li>\n<li>Seefeld:\n<ul>\n<li><a href=\"#feldegg\">Feldegg<\/a><\/li>\n<li><a href=\"#Utoquai\">Utoquai<\/a><\/li>\n<li><a href=\"#zurich\">Z\u00fcrichhorn<\/a><\/li>\n<\/ul>\n<\/li>\n<li>Bellevue:\n<ul>\n<li><a href=\"#opera\">Oper<\/a><\/li>\n<li><a href=\"#hohe-promenade\">Parkhaus Hohe Promenade<\/a><\/li>\n<\/ul>\n<\/li>\n<\/ul>\n<\/li>\n<li><strong>Oerlikon:<\/strong>\n<ul>\n<li style=\"list-style-type: none;\">\n<ul>\n<li><a href=\"#Viktoriastrasse\">Viktoriastra\u00dfe - Share.P<\/a><\/li>\n<li><a href=\"#dorflinde\">Dorflinde<\/a><\/li>\n<li><a href=\"#nordhaus\">Nordhaus<\/a><\/li>\n<li><a href=\"#uni\">Uni Irchel<\/a><\/li>\n<li><a href=\"#zuri\">Z\u00fcri 11<\/a><\/li>\n<\/ul>\n<\/li>\n<li>Messe:\n<ul>\n<li><a href=\"#messe\">Messe<\/a><\/li>\n<li><a href=\"#theater\">Theater 11<\/a><\/li>\n<\/ul>\n<\/li>\n<li>Neu-Oerlikon:\n<ul>\n<li><a href=\"#accu\">Accu<\/a><\/li>\n<li><a href=\"#eleven\">Zentrum Elf<\/a><\/li>\n<li><a href=\"#parkside\">Parkside<\/a><\/li>\n<li><a href=\"#cityport\">Stadthafen<\/a><\/li>\n<li><a href=\"#jungholz\">Jungholz<\/a><\/li>\n<li><a href=\"#max\">Max-Bill-Platz<\/a><\/li>\n<li><a href=\"#octavo\">Octavo<\/a><\/li>\n<\/ul>\n<\/li>\n<\/ul>\n<\/li>\n<\/ul>\n<\/li>\n<\/ul>\n<p>&nbsp;<\/p>\n<p><iframe src=\"https:\/\/www.google.com\/maps\/d\/u\/0\/embed?mid=1XDSbPEQ8G2OYNh7XZaTfrKjJ8-5Bv7uK\" width=\"640\" height=\"480\"><\/iframe><\/p>\n<div class=\"sl-card-body\">\n<pre id=\"iframeSnippet\" class=\"prettyprint\"><\/pre>\n<\/div>\n<hr \/>\n<p>&nbsp;<\/p>\n<h2><strong>Bezahlte Parkpl\u00e4tze in Z\u00fcrich:<\/strong><\/h2>\n<p>&nbsp;<\/p>\n<h2 id=\"blue\"><img decoding=\"async\" class=\"alignnone size-full wp-image-4472\" src=\"http:\/\/sharep.io\/wp-content\/uploads\/2021\/08\/zurich-blue-zone-sharep.png\" alt=\"\" width=\"4032\" height=\"3024\" srcset=\"https:\/\/sharep.io\/wp-content\/uploads\/2021\/08\/zurich-blue-zone-sharep.png 4032w, https:\/\/sharep.io\/wp-content\/uploads\/2021\/08\/zurich-blue-zone-sharep-300x225.png 300w, https:\/\/sharep.io\/wp-content\/uploads\/2021\/08\/zurich-blue-zone-sharep-1024x768.png 1024w, https:\/\/sharep.io\/wp-content\/uploads\/2021\/08\/zurich-blue-zone-sharep-768x576.png 768w, https:\/\/sharep.io\/wp-content\/uploads\/2021\/08\/zurich-blue-zone-sharep-1536x1152.png 1536w, https:\/\/sharep.io\/wp-content\/uploads\/2021\/08\/zurich-blue-zone-sharep-2048x1536.png 2048w\" sizes=\"(max-width: 4032px) 100vw, 4032px\" \/><\/h2>\n<p>&nbsp;<\/p>\n<h3><b>Blaue Zonen<\/b><\/h3>\n<h3>Sie k\u00f6nnen in den \"blauen Zonen\" oder blauen Parkbereichen in Z\u00fcrich parken. Das Parken ist f\u00fcr eine bestimmte Zeit kostenlos, in der Regel 1 Stunde, je nach Ankunftszeit.<\/h3>\n<p>&nbsp;<\/p>\n<p>Grundregel: Wer an Werktagen, Montag bis Samstag, zwischen 8:00 und 11:30 sowie zwischen 13:30 und 18:00 parkiert, darf in den blauen Zonen eine Stunde stehen.<\/p>\n<p>zwischen 11:30 und 13:30, Sie k\u00f6nnen bis 14:30 bleiben<\/p>\n<p>zwischen 18:00 und 8:00 Uhr k\u00f6nnen Sie bis 9:00 Uhr parken<\/p>\n<p>Bitte beachten: 2026 wird schrittweise eine neue Parkkartenverordnung eingef\u00fchrt, die Detailregeln der blauen Zone k\u00f6nnen sich daher \u00e4ndern.<\/p>\n<p>&nbsp;<\/p>\n<p>\u274c <strong>Sie d\u00fcrfen die Parkzeit nicht verl\u00e4ngern<\/strong> indem Sie einfach die Scheibe vorw\u00e4rts bewegen, aber nicht das Auto! Wenn Sie l\u00e4nger parken m\u00fcssen, k\u00f6nnen Sie sogar <strong>wegm\u00fcssen<\/strong> die Parkbucht und parken Sie dann wieder (auf dem neuen Platz) - sonst droht ein Bu\u00dfgeld!<\/p>\n<p>\u274c <strong>Sie k\u00f6nnen nicht reservieren<\/strong> und garantieren eine <strong>freier Platz<\/strong>.<\/p>\n<p>\u274c Parkpl\u00e4tze<strong> sind unbewacht<\/strong> und es gibt <strong>Fu\u00dfg\u00e4ngerverkehr<\/strong> herum.<\/p>\n<p>\u274c Sie <strong>muss haben<\/strong> eine Parkscheibe.<\/p>\n<p>&nbsp;<\/p>\n<h3><b>Sie k\u00f6nnen mit einer Geldstrafe belegt werden:<\/b><\/h3>\n<ul>\n<li aria-level=\"1\">Ihre Parkscheibe <strong>nicht vollst\u00e4ndig sichtbar zu sein<\/strong> (es sollte in der Frontscheibe neben dem Fahrersitz angezeigt werden)<\/li>\n<li aria-level=\"1\">Sie haben nicht <strong>markierte die Zeit<\/strong> auf der Scheibe deutlich<\/li>\n<li aria-level=\"1\" class=\"translation-block\">Sie haben die zul\u00e4ssige Parkzeit <strong>\u00fcberschritten<\/strong><\/li>\n<li aria-level=\"1\" class=\"translation-block\">Sie haben die Ankunftszeit <strong>ge\u00e4ndert<\/strong>, aber Ihr Auto nicht bewegt<\/li>\n<\/ul>\n<p>Wenn Sie in einem Gebiet mit blauen Parkbuchten wohnen, k\u00f6nnen Sie einen Antrag auf eine Parkkarte ohne Beschr\u00e4nkung stellen.<\/p>\n<hr \/>\n<p>&nbsp;<\/p>\n<h2 id=\"white\" class=\"offset\"><img decoding=\"async\" class=\"alignnone size-full wp-image-4385\" src=\"http:\/\/sharep.io\/wp-content\/uploads\/2021\/08\/Zrzut-ekranu-2021-09-9-o-13.20.44.png\" alt=\"\" width=\"1530\" height=\"1114\" srcset=\"https:\/\/sharep.io\/wp-content\/uploads\/2021\/08\/Zrzut-ekranu-2021-09-9-o-13.20.44.png 1530w, https:\/\/sharep.io\/wp-content\/uploads\/2021\/08\/Zrzut-ekranu-2021-09-9-o-13.20.44-300x218.png 300w, https:\/\/sharep.io\/wp-content\/uploads\/2021\/08\/Zrzut-ekranu-2021-09-9-o-13.20.44-1024x746.png 1024w, https:\/\/sharep.io\/wp-content\/uploads\/2021\/08\/Zrzut-ekranu-2021-09-9-o-13.20.44-768x559.png 768w\" sizes=\"(max-width: 1530px) 100vw, 1530px\" \/><\/h2>\n<h3><\/h3>\n<p>&nbsp;<\/p>\n<h3><b>Wei\u00dfe Zonen<\/b><\/h3>\n<p>Auch das Parken in der wei\u00dfen Zone ist begrenzt. Die H\u00f6chstdauer ist durch Stra\u00dfenmarkierungen angegeben und Sie m\u00fcssen an der n\u00e4chsten Parkuhr bezahlen.<\/p>\n<p>Einige wei\u00dfe Stellpl\u00e4tze sind als \"Besucher\"-Stellpl\u00e4tze f\u00fcr Gesch\u00e4fte oder Wohnungen gekennzeichnet, und Sie sind berechtigt, auf diesen Pl\u00e4tzen zu parken, wenn Sie diese Orte besuchen.<\/p>\n<p>&nbsp;<\/p>\n<p>\u274c An der Stra\u00dfe gelegen, damit Ihr Fahrzeug <strong>bekommt immer<\/strong> schmutzig.<\/p>\n<p>\u274c Spezifisch, <strong>begrenzt<\/strong> Zeit anhalten.<\/p>\n<p>\u274c Wie weit entfernt finden Sie eine freie Stelle? Sie<strong> wirklich nie<\/strong> wissen.<\/p>\n<hr \/>\n<h2><\/h2>\n<h2 id=\"book-a-spot\" class=\"offset\"><\/h2>\n<p>&nbsp;<\/p>\n<h2><strong>Kann ich einen Platz reservieren?<\/strong><\/h2>\n<p><strong>Ja<\/strong>. Anmeldung <a href=\"http:\/\/sharep.io\/ch\/app-download\/\">Share.P<\/a> verlegt Parkpl\u00e4tze auf der Stra\u00dfe aus den blauen oder wei\u00dfen Zonen in die Tiefgarage der Stadt.<\/p>\n<p>Jetzt sind Sie <strong>kann buchen<\/strong> Ihr Parkplatz, auch auf Privatgrund! Sie <strong>nicht kreuzen m\u00fcssen<\/strong> f\u00fcr Stellpl\u00e4tze mehr! - sicher <strong>Zeit<\/strong> und <strong>Geld<\/strong>bequem mit <a href=\"http:\/\/sharep.io\/ch\/\">Share.P<\/a>!<\/p>\n<p>&nbsp;<\/p>\n<p>\u2705 <strong>Sicher sein<\/strong> einen Parkplatz zu haben <strong>wartet auf Sie<\/strong> zur vorgesehenen Zeit.<\/p>\n<p>\u2705 Parken Sie im Keller, <strong>keine Fu\u00dfg\u00e4nger<\/strong> dort!<\/p>\n<p>\u2705 Bezahlen Sie online, <strong>ohne zu schauen<\/strong> und das Ber\u00fchren einer Parkuhr.<\/p>\n<p>\u2705 <strong>Erweitern Sie<\/strong> Ihr <strong>Parkzeit<\/strong> direkt von Ihrem Smartphone aus.<\/p>\n<p>&nbsp;<\/p>\n<p><img decoding=\"async\" class=\"alignnone size-full wp-image-4559\" src=\"http:\/\/sharep.io\/wp-content\/uploads\/2021\/08\/ENforum.png\" alt=\"\" width=\"720\" height=\"120\" srcset=\"https:\/\/sharep.io\/wp-content\/uploads\/2021\/08\/ENforum.png 720w, https:\/\/sharep.io\/wp-content\/uploads\/2021\/08\/ENforum-300x50.png 300w\" sizes=\"(max-width: 720px) 100vw, 720px\" \/><\/p>\n<hr \/>\n<h2><\/h2>\n<p>&nbsp;<\/p>\n<h3 id=\"yellow\" class=\"offset\"><b>Gelbe Zonen<\/b><\/h3>\n<p>Diese sind privat oder f\u00fcr Unternehmen reserviert und d\u00fcrfen nur von diesen oder ihren Kunden und G\u00e4sten genutzt werden.<\/p>\n<p>Gelbe Markierungen mit Kreuzen bedeuten Parkverbot und gelbe Linien am Stra\u00dfenrand bedeuten, dass man nicht am Stra\u00dfenrand warten darf. Das Parken auf Hauptstra\u00dfen au\u00dferhalb von Ortschaften ist verboten.<\/p>\n<hr \/>\n<p>&nbsp;<\/p>\n<p><b>Bezahltes Parken ist in der Schweiz die Norm<\/b><\/p>\n<p>vor allem rund um beliebte Orte wie Bahnh\u00f6fe, Hotels und Innenst\u00e4dte. Auch als Hotelgast zahlt man das Parkieren oft separat. Rechnen Sie mit CHF 10 bis 50 pro Tag. Parkieren in den gr\u00f6sseren St\u00e4dten ist ziemlich teuer: die erste Stunde im Parkhaus kostet in Z\u00fcrich typischerweise CHF 2.00 bis 4.00. Die Tarife h\u00e4ngen stark von Lage, Stundenzahl und Innen- oder Aussenparkplatz ab.<\/p>\n<p>Das Bezahlen erfolgt auf verschiedene Weise:<\/p>\n<ul>\n<li aria-level=\"1\">Die Hotelg\u00e4ste k\u00f6nnen ihre Parkgeb\u00fchren beim Auschecken bezahlen.<\/li>\n<li aria-level=\"1\">In \u00f6ffentlichen Parkh\u00e4usern finden Sie Automaten. Bevor Sie das Parkhaus verlassen, m\u00fcssen Sie das Parkticket eingeben, das Sie bei der Einfahrt erhalten haben, und in bar oder mit EC-\/Kreditkarte bezahlen.<\/li>\n<li aria-level=\"1\">Auf vielen Parkpl\u00e4tzen stehen Parkuhren. Die st\u00e4dtischen Automaten sind digital: Sie geben Ihr Kennzeichen ein und zahlen mit Karte, M\u00fcnzen oder App. Es gibt kein Papierticket zum Hinterlegen und keine Platznummer einzugeben.<\/li>\n<li aria-level=\"1\">Immer mehr Parkpl\u00e4tze lassen sich per App bezahlen, verkn\u00fcpft mit Kreditkarte oder Bankkonto. Sie geben Ihr Kennzeichen und die Parkdauer ein. In Z\u00fcrich werden EasyPark, Parkingpay und TWINT genutzt.<\/li>\n<\/ul>\n<hr \/>\n<h2><\/h2>\n<p>&nbsp;<\/p>\n<h2><b>Zahlungsmethoden f\u00fcr das Parken<\/b><\/h2>\n<ul>\n<li aria-level=\"1\">\u00a0nur M\u00fcnzen<\/li>\n<li aria-level=\"1\">\u00a0M\u00fcnzen und Karten<\/li>\n<li aria-level=\"1\">\u00a0M\u00fcnzen, Karten und Scheine<\/li>\n<li aria-level=\"1\">\u00a0Anwendungen<\/li>\n<\/ul>\n<hr \/>\n<p>&nbsp;<\/p>\n<h2><\/h2>\n<h2 id=\"whole-day-ticket\" class=\"offset\"><b>Ganztageskarte<\/b><\/h2>\n<p>Parkieren w\u00e4hrend der Gesch\u00e4ftszeiten. Wer nur wenige Tage in der Stadt ist, kann die G\u00e4ste-Tageskarte nutzen. Sie kostet weiterhin 15 Franken pro Tag (der 10er-Block CHF 150), damit d\u00fcrfen Sie den ganzen Tag in der blauen Zone stehen. Seit dem 8. April 2026 ist die Karte digital: Sie kaufen sie online auf Ihr Kennzeichen, unter der Windschutzscheibe wird nichts mehr platziert. Beachten Sie, dass der Kreis 1 (8001) gar keine Blaue-Zone-Pl\u00e4tze hat. Dies <strong>garantiert nicht<\/strong> einen freien Parkplatz auf der Stra\u00dfe! Sie k\u00f6nnen immer noch durch die Stadt fahren und dabei Zeit verschwenden und unn\u00f6tig CO2 produzieren.<\/p>\n<h6><a href=\"http:\/\/sharep.io\/ch\/\">ShareP<\/a> <strong>kommt mit L\u00f6sung<\/strong>! Jetzt k\u00f6nnen Sie<strong> Buchen Sie Ihren Parkplatz<\/strong> <strong>wie Wohnung<\/strong> in AirBnB!<\/h6>\n<h6>Wir bieten zuverl\u00e4ssige Reservierungen, schnelle Online-Zahlungen und drahtlose<strong> unabh\u00e4ngige Garagentor\u00f6ffnung<\/strong>.<\/h6>\n<p dir=\"ltr\">Pr\u00fcfen Sie einfach unsere App<br \/>\n<a href=\"http:\/\/sharep.io\/ch\/app-download\/\" target=\"_blank\" rel=\"noopener\" data-saferedirecturl=\"https:\/\/www.google.com\/url?q=http:\/\/sharep.io\/app-download&amp;source=gmail&amp;ust=1630417480102000&amp;usg=AFQjCNGadE_xE5uSbWlVxH7us9-GSM4TYA\">http:\/\/sharep.io\/app-download<\/a><\/p>\n<hr \/>\n<p>&nbsp;<\/p>\n<h2><\/h2>\n<h2><strong>Parkm\u00f6glichkeiten in Z\u00fcrich:<\/strong><\/h2>\n<h5><\/h5>\n<h2 data-dtype=\"d3ifr\" data-local-attribute=\"d3bn\" data-attrid=\"title\" data-ved=\"2ahUKEwixnZj1hOHyAhX-hP0HHZVLCw4Q3B0oATAAegQIExAC\"><img decoding=\"async\" class=\"alignnone size-full wp-image-4401\" src=\"http:\/\/sharep.io\/wp-content\/uploads\/2021\/08\/IMG_1037.jpg\" alt=\"\" width=\"937\" height=\"658\" srcset=\"https:\/\/sharep.io\/wp-content\/uploads\/2021\/08\/IMG_1037.jpg 937w, https:\/\/sharep.io\/wp-content\/uploads\/2021\/08\/IMG_1037-300x211.jpg 300w, https:\/\/sharep.io\/wp-content\/uploads\/2021\/08\/IMG_1037-768x539.jpg 768w\" sizes=\"(max-width: 937px) 100vw, 937px\" \/><\/h2>\n<h2 data-dtype=\"d3ifr\" data-local-attribute=\"d3bn\" data-attrid=\"title\" data-ved=\"2ahUKEwixnZj1hOHyAhX-hP0HHZVLCw4Q3B0oATAAegQIExAC\"><\/h2>\n<h2><\/h2>\n<p>&nbsp;<\/p>\n<h2 id=\"Viktoriastrasse\" class=\"offset\"><strong>Parken - Share.P Viktoriastrasse 23<\/strong><\/h2>\n<h3>Oerlikon, Z\u00fcrich<\/h3>\n<p>&nbsp;<\/p>\n<p>10 Parkpl\u00e4tze in der Tiefgarage mit ferngesteuerter Tor\u00f6ffnung per Smartphone-App. In Oerlikon parkieren Sie auch bei <a href=\"https:\/\/sharep.io\/ch\/parken\/parkplatz-gagliardiweg-6\/\">unserem Parkplatz am Gagliardiweg 6<\/a>.<\/p>\n\n<p><strong>die ganze Zeit offen<\/strong><\/p>\n<p><span class=\"LrzXr\">Viktoriastrasse 23, 8057 Z\u00fcrich<\/span><\/p>\n<p>&nbsp;<\/p>\n<p>Parkgeb\u00fchren:<\/p>\n<ul>\n<li>CHF 1.00 f\u00fcr 1 Stunde;<\/li>\n<li>CHF 15.00 t\u00e4glich;<\/li>\n<li>CHF 140.00 f\u00fcr 1 Monat;<\/li>\n<\/ul>\n<p>&nbsp;<\/p>\n<h5>Maximale Fahrzeugh\u00f6he: <strong>2,05 m<\/strong><\/h5>\n<p>&nbsp;<\/p>\n<h6>Allgemeine Informationen:<\/h6>\n<p>Tiefgarage<\/p>\n<p>Park-and-Ride-L\u00f6sung<\/p>\n<p>Unabh\u00e4ngige Garagentor\u00f6ffnung<\/p>\n<p>Reservierung von Parkpl\u00e4tzen<\/p>\n<p>M\u00f6glichkeit der Verl\u00e4ngerung der Stillstandszeit<\/p>\n<p>Zahlungen \u00fcber <a href=\"http:\/\/sharep.io\/ch\/get-your-app\/\">App<\/a><\/p>\n<p>&nbsp;<\/p>\n<p><a class=\"http:\/\/sharep.io\/get-your-app\/\" href=\"https:\/\/sharep.io\/ch\/app-download\/\" target=\"_blank\" rel=\"http:\/\/sharep.io\/get-your-app\/ noopener\"><img decoding=\"async\" class=\"http:\/\/sharep.io\/get-your-app\/ alignnone wp-image-4559 size-full\" title=\"http:\/\/sharep.io\/get-your-app\/\" src=\"https:\/\/sharep.io\/wp-content\/uploads\/2021\/08\/ENforum.png\" alt=\"\" width=\"720\" height=\"120\" srcset=\"https:\/\/sharep.io\/wp-content\/uploads\/2021\/08\/ENforum.png 720w, https:\/\/sharep.io\/wp-content\/uploads\/2021\/08\/ENforum-300x50.png 300w\" sizes=\"(max-width: 720px) 100vw, 720px\" \/><\/a><\/p>\n<hr \/>\n<h2 id=\"Huttenstrasse\" class=\"offset\"><\/h2>\n<h2><\/h2>\n<h2><\/h2>\n<p>&nbsp;<\/p>\n<h2>Parken <strong>Huttenstra\u00dfe<\/strong> - Share.P<\/h2>\n<p><strong>die ganze Zeit ge\u00f6ffnet<\/strong><\/p>\n<p style=\"text-align: left;\">Huttenstrasse 63, 8006 Z\u00fcrich, Schweiz<\/p>\n\n<p>&nbsp;<\/p>\n<p>Geb\u00fchren f\u00fcr das Parken im Freien:<\/p>\n<ul>\n<li>CHF 3.00 f\u00fcr 1 Stunde;<\/li>\n<li>CHF 6.00 f\u00fcr 2 Stunden;<\/li>\n<li>CHF 15.00 f\u00fcr 5 Stunden;<\/li>\n<\/ul>\n<p>Preise f\u00fcr das Parken in der Halle:<\/p>\n<ul>\n<li>CHF 15.00 f\u00fcr 5 Stunden;<\/li>\n<\/ul>\n<h5><\/h5>\n<p>&nbsp;<\/p>\n<p><a class=\"http:\/\/sharep.io\/get-your-app\/\" href=\"https:\/\/sharep.io\/ch\/app-download\/\" target=\"_blank\" rel=\"http:\/\/sharep.io\/get-your-app\/ noopener\"><img decoding=\"async\" class=\"http:\/\/sharep.io\/get-your-app\/ alignnone wp-image-4559 size-full\" title=\"http:\/\/sharep.io\/get-your-app\/\" src=\"https:\/\/sharep.io\/wp-content\/uploads\/2021\/08\/ENforum.png\" alt=\"\" width=\"720\" height=\"120\" srcset=\"https:\/\/sharep.io\/wp-content\/uploads\/2021\/08\/ENforum.png 720w, https:\/\/sharep.io\/wp-content\/uploads\/2021\/08\/ENforum-300x50.png 300w\" sizes=\"(max-width: 720px) 100vw, 720px\" \/><\/a><\/p>\n<p>&nbsp;<\/p>\n<hr \/>\n<p>&nbsp;<\/p>\n<h2 id=\"opera\" class=\"offset\"><img decoding=\"async\" id=\"parkings-start\" class=\"alignnone size-full wp-image-4176\" src=\"http:\/\/sharep.io\/wp-content\/uploads\/2021\/08\/IMG_0433.jpg\" alt=\"\" width=\"995\" height=\"750\" srcset=\"https:\/\/sharep.io\/wp-content\/uploads\/2021\/08\/IMG_0433.jpg 995w, https:\/\/sharep.io\/wp-content\/uploads\/2021\/08\/IMG_0433-300x226.jpg 300w, https:\/\/sharep.io\/wp-content\/uploads\/2021\/08\/IMG_0433-768x579.jpg 768w\" sizes=\"(max-width: 995px) 100vw, 995px\" \/><\/h2>\n<h2><\/h2>\n<h2><\/h2>\n<p>&nbsp;<\/p>\n<h2><strong>Op\u00e9ra<\/strong><\/h2>\n<p>299 Parkpl\u00e4tze, <strong>die ganze Zeit ge\u00f6ffnet<\/strong><\/p>\n<p style=\"text-align: left;\">Schillerstrasse 5, 8001 Z\u00fcrich<\/p>\n\n<p>&nbsp;<\/p>\n<p>Tagestarife (<strong>6:00 - 23:00<\/strong>):<\/p>\n<ul>\n<li>CHF 2.00 f\u00fcr 30 Minuten;<\/li>\n<li>CHF 3.00 f\u00fcr 45 Minuten;<\/li>\n<li>CHF 4.00 f\u00fcr 1 Stunde;<\/li>\n<li>CHF 1.00 f\u00fcr jede <strong>zus\u00e4tzliche 12 Minuten =<\/strong> CHF 5.00 pro 1 Stunde;<\/li>\n<li>CHF 45.00 f\u00fcr den Tagessatz;<\/li>\n<\/ul>\n<p>Nachtzeittarife (<strong>23:00 - 6:00<\/strong>):<\/p>\n<ul>\n<li>CHF 3.00 f\u00fcr<strong> jeweils 1 Stunde<\/strong>;<\/li>\n<\/ul>\n<p>Sonntags und an Feiertagen:<\/p>\n<ul>\n<li>CHF 1.00 f\u00fcr<strong> alle 20 Minuten<\/strong> = CHF 3.00 pro 1 Stunde;<\/li>\n<\/ul>\n<p>Verlorenes Ticket: CHF 50.00<\/p>\n<p>&nbsp;<\/p>\n<h5>Maximale Fahrzeugh\u00f6he: <strong>2,10 m<\/strong><\/h5>\n<p>&nbsp;<\/p>\n<hr \/>\n<h2 id=\"city-parking\" class=\"offset\"><img decoding=\"async\" class=\"alignnone size-full wp-image-4032\" src=\"http:\/\/sharep.io\/wp-content\/uploads\/2021\/08\/csm_8_Zuerichstrasse_35_01_2b2116552e.jpg\" alt=\"\" width=\"1200\" height=\"630\" srcset=\"https:\/\/sharep.io\/wp-content\/uploads\/2021\/08\/csm_8_Zuerichstrasse_35_01_2b2116552e.jpg 1200w, https:\/\/sharep.io\/wp-content\/uploads\/2021\/08\/csm_8_Zuerichstrasse_35_01_2b2116552e-300x158.jpg 300w, https:\/\/sharep.io\/wp-content\/uploads\/2021\/08\/csm_8_Zuerichstrasse_35_01_2b2116552e-1024x538.jpg 1024w, https:\/\/sharep.io\/wp-content\/uploads\/2021\/08\/csm_8_Zuerichstrasse_35_01_2b2116552e-768x403.jpg 768w\" sizes=\"(max-width: 1200px) 100vw, 1200px\" \/><\/h2>\n<h2><\/h2>\n<p>&nbsp;<\/p>\n<h2><strong>Parken in der Stadt<br \/>\n<\/strong><\/h2>\n<p>620 Parkpl\u00e4tze, <strong>durchgehend ge\u00f6ffnet<\/strong><\/p>\n<p>Gessnerallee 14, 8001 Z\u00fcrich<\/p>\n\n<p>&nbsp;<\/p>\n<p>Tagestarife (<strong>7:00 - 0:00<\/strong>):<\/p>\n<ul>\n<li>CHF 2.00 f\u00fcr <strong>alle 30 Minuten =<\/strong> CHF 4.00 pro 1 Stunde;<\/li>\n<li>CHF 40.00 f\u00fcr den Tagessatz;<\/li>\n<li>CHF 60.00 f\u00fcr verlorenes Ticket;<\/li>\n<\/ul>\n<p>Nachtzeittarife (<strong>00:00 - 7:00<\/strong>):<\/p>\n<ul>\n<li>CHF 1.00 f\u00fcr<strong> alle 30 Minuten<\/strong> = CHF 2.00 pro 1 Stunde;<\/li>\n<\/ul>\n<p>Sonntags und an Feiertagen:<\/p>\n<ul>\n<li>CHF 1.00 f\u00fcr<strong> alle 30 Minuten<\/strong> = CHF 2.00 pro 1 Stunde;<\/li>\n<\/ul>\n<p>&nbsp;<\/p>\n<h5>Maximale Fahrzeugh\u00f6he: <strong>2,10 m<\/strong><\/h5>\n<p>&nbsp;<\/p>\n<h6>Allgemeine Informationen:<\/h6>\n<p>Maximale Parkdauer <strong>96 Stunden<\/strong><\/p>\n<p>Video\u00fcberwachung\/Handyempfang<\/p>\n<p>Ausleihe von <strong>Regenschirme<\/strong><\/p>\n<p>Wiederaufladbare Wertkarten (Rabatt gew\u00e4hrt)<\/p>\n<p>Dauerkarten (auf Anfrage)<\/p>\n<hr \/>\n<p><img decoding=\"async\" class=\"alignnone size-full wp-image-4400\" src=\"http:\/\/sharep.io\/wp-content\/uploads\/2021\/08\/Zrzut-ekranu-2021-09-10-o-14.52.42.png\" alt=\"\" width=\"1812\" height=\"1206\" srcset=\"https:\/\/sharep.io\/wp-content\/uploads\/2021\/08\/Zrzut-ekranu-2021-09-10-o-14.52.42.png 1812w, https:\/\/sharep.io\/wp-content\/uploads\/2021\/08\/Zrzut-ekranu-2021-09-10-o-14.52.42-300x200.png 300w, https:\/\/sharep.io\/wp-content\/uploads\/2021\/08\/Zrzut-ekranu-2021-09-10-o-14.52.42-1024x682.png 1024w, https:\/\/sharep.io\/wp-content\/uploads\/2021\/08\/Zrzut-ekranu-2021-09-10-o-14.52.42-768x511.png 768w, https:\/\/sharep.io\/wp-content\/uploads\/2021\/08\/Zrzut-ekranu-2021-09-10-o-14.52.42-1536x1022.png 1536w, https:\/\/sharep.io\/wp-content\/uploads\/2021\/08\/Zrzut-ekranu-2021-09-10-o-14.52.42-960x640.png 960w\" sizes=\"(max-width: 1812px) 100vw, 1812px\" \/><\/p>\n<p>&nbsp;<\/p>\n<h2 data-dtype=\"d3ifr\" data-local-attribute=\"d3bn\" data-attrid=\"title\" data-ved=\"2ahUKEwixnZj1hOHyAhX-hP0HHZVLCw4Q3B0oATAAegQIExAC\"><\/h2>\n<h2 id=\"Werdholzlistrasse\" class=\"qrShPb kno-ecr-pt PZPZlf mfMhoc PPT5v hNKfZe\" data-dtype=\"d3ifr\" data-local-attribute=\"d3bn\" data-attrid=\"title\" data-ved=\"2ahUKEwixnZj1hOHyAhX-hP0HHZVLCw4Q3B0oATAAegQIExAC\">Parken <strong>Werdh\u00f6lzlistrasse <\/strong>- Share.P<\/h2>\n<h3>Altstetten, Z\u00fcrich<\/h3>\n<p>&nbsp;<\/p>\n<p>16 Parkpl\u00e4tze ebenfalls in der Tiefgarage mit ferngesteuerter Tor\u00f6ffnung per Smartphone. Besuchen Sie <a href=\"https:\/\/sharep.io\/ch\/parken\/werdholzlistrasse-12\/\">die Seite unseres Parkplatzes Werdh\u00f6lzlistrasse 12<\/a> f\u00fcr aktuelle Preise und Reservationen.<\/p>\n<p><strong>die ganze Zeit offen<\/strong><\/p>\n<p><span class=\"LrzXr\">Werdh\u00f6lzlistrasse 12, 8048 Z\u00fcrich<\/span><\/p>\n\n<p>&nbsp;<\/p>\n<p>Parkgeb\u00fchren:<\/p>\n<ul>\n<li>CHF 1.00 f\u00fcr 1 Stunde;<\/li>\n<li>CHF 15.00 f\u00fcr 1 Tag;<\/li>\n<li>CHF 140.00 f\u00fcr 1 Monat;<\/li>\n<\/ul>\n<p>&nbsp;<\/p>\n<h5>Maximale Fahrzeugh\u00f6he: <strong>2,00 m<\/strong><\/h5>\n<p>&nbsp;<\/p>\n<h6>Allgemeine Informationen:<\/h6>\n<p>Reservierungssystem<\/p>\n<p>Online-Zahlungen<\/p>\n<p>individuelle Garagentor\u00f6ffnung<\/p>\n<p>einfache Verl\u00e4ngerung der Stillstandszeit<\/p>\n<p>2 Parkpl\u00e4tze im Au\u00dfenbereich<\/p>\n<p>13 Stellpl\u00e4tze in der Tiefgarage Ebene -1<\/p>\n<p>&nbsp;<\/p>\n<p><a href=\"http:\/\/sharep.io\/ch\/get-your-app\/\" target=\"_blank\" rel=\"noopener\"><img decoding=\"async\" class=\"alignnone wp-image-4559 size-full\" src=\"http:\/\/sharep.io\/wp-content\/uploads\/2021\/08\/ENforum.png\" alt=\"\" width=\"720\" height=\"120\" srcset=\"https:\/\/sharep.io\/wp-content\/uploads\/2021\/08\/ENforum.png 720w, https:\/\/sharep.io\/wp-content\/uploads\/2021\/08\/ENforum-300x50.png 300w\" sizes=\"(max-width: 720px) 100vw, 720px\" \/><\/a><\/p>\n<hr \/>\n<h2 id=\"urania\" class=\"offset\"><img decoding=\"async\" class=\"alignnone size-full wp-image-4033\" src=\"http:\/\/sharep.io\/wp-content\/uploads\/2021\/08\/urania_galerie_bild_11_72DPI.jpg\" alt=\"\" width=\"998\" height=\"665\" srcset=\"https:\/\/sharep.io\/wp-content\/uploads\/2021\/08\/urania_galerie_bild_11_72DPI.jpg 998w, https:\/\/sharep.io\/wp-content\/uploads\/2021\/08\/urania_galerie_bild_11_72DPI-300x200.jpg 300w, https:\/\/sharep.io\/wp-content\/uploads\/2021\/08\/urania_galerie_bild_11_72DPI-768x512.jpg 768w, https:\/\/sharep.io\/wp-content\/uploads\/2021\/08\/urania_galerie_bild_11_72DPI-960x640.jpg 960w\" sizes=\"(max-width: 998px) 100vw, 998px\" \/><\/h2>\n<h2><\/h2>\n<p>&nbsp;<\/p>\n<p>&nbsp;<\/p>\n<h2><strong>Urania<\/strong><\/h2>\n<p>479 Parkpl\u00e4tze, <strong>die ganze Zeit ge\u00f6ffnet<\/strong><\/p>\n<p>Uraniastrasse 3, 8001 Z\u00fcrich<\/p>\n\n<p>&nbsp;<\/p>\n<p>Tagestarife (<strong>6:00 - 22:00<\/strong>):<\/p>\n<ul>\n<li>CHF 2.00 <strong>Mindestgeb\u00fchr<\/strong> f\u00fcr <strong>30<\/strong> Minuten;<\/li>\n<li>CHF 1.00 f\u00fcr<strong> jede weiteren 15<\/strong> Minuten CHF 4.00 pro 1 Stunde;<\/li>\n<li class=\"translation-block\">CHF 1.00 f\u00fcr <strong>jede<\/strong> <strong>zus\u00e4tzliche 12 <\/strong>Minuten \u00fcber 1 Stunde = CHF 5.00 pro 1 Stunde;<\/li>\n<li>CHF 45.00 f\u00fcr das Parken <strong>\u00fcber<\/strong> 9 Stunden <strong>bis<\/strong> 24 Stunden;<\/li>\n<li>CHF 45.00 + CHF 4.00\/Stunde f\u00fcr das Parken <strong>\u00fcber<\/strong> 24 Stunden;<\/li>\n<li>CHF 50.00 f\u00fcr verlorenes Ticket;<\/li>\n<\/ul>\n<p>Nachtzeittarife (<strong>22:00 - 6:00<\/strong>):<\/p>\n<ul>\n<li>CHF 2.00 f\u00fcr<strong> jeweils 1 Stunde<\/strong>;<\/li>\n<\/ul>\n<p>Sonntags und an Feiertagen:<\/p>\n<ul>\n<li>CHF 2.00 f\u00fcr<strong> jeweils 1 Stunde<\/strong>;<\/li>\n<\/ul>\n<p>&nbsp;<\/p>\n<h5>Maximale Fahrzeugh\u00f6he: <strong>2,10 m<\/strong><\/h5>\n<p>&nbsp;<\/p>\n<h6>Allgemeine Informationen:<\/h6>\n<p>Dauermiete<\/p>\n<p>video\u00fcberwacht<\/p>\n<p>Aufzug und Toiletten auch f\u00fcr behinderte Menschen<\/p>\n<hr \/>\n<p>&nbsp;<\/p>\n<p>&nbsp;<\/p>\n<h2 id=\"Rehalpstrasse\" class=\"offset\"><img decoding=\"async\" id=\"parkings-start\" class=\"alignnone wp-image-8810 size-medium\" src=\"https:\/\/sharep.io\/wp-content\/uploads\/2021\/08\/IMG_20220715_125242_resized_20220715_011926527-300x225.jpg\" alt=\"\" width=\"300\" height=\"225\" srcset=\"https:\/\/sharep.io\/wp-content\/uploads\/2021\/08\/IMG_20220715_125242_resized_20220715_011926527-300x225.jpg 300w, https:\/\/sharep.io\/wp-content\/uploads\/2021\/08\/IMG_20220715_125242_resized_20220715_011926527-1024x768.jpg 1024w, https:\/\/sharep.io\/wp-content\/uploads\/2021\/08\/IMG_20220715_125242_resized_20220715_011926527-768x576.jpg 768w, https:\/\/sharep.io\/wp-content\/uploads\/2021\/08\/IMG_20220715_125242_resized_20220715_011926527-16x12.jpg 16w, https:\/\/sharep.io\/wp-content\/uploads\/2021\/08\/IMG_20220715_125242_resized_20220715_011926527.jpg 1280w\" sizes=\"(max-width: 300px) 100vw, 300px\" \/><\/h2>\n<h2><\/h2>\n<h2><\/h2>\n<p>&nbsp;<\/p>\n<h2>Parkplatz Rehalpstrasse - Share.P<\/h2>\n<p><strong>die ganze Zeit ge\u00f6ffnet<\/strong><\/p>\n<p style=\"text-align: left;\">Rehalpstrasse 3, 8008 Z\u00fcrich, Schweiz<\/p>\n\n<p>&nbsp;<\/p>\n<p>Parkgeb\u00fchren:<\/p>\n<ul>\n<li>CHF 1.50 pro 1 Std;<\/li>\n<li>CHF 5.00 pro 5 Stunden;<\/li>\n<li>CHF 24.00 pro Tag;<\/li>\n<\/ul>\n<p>&nbsp;<\/p>\n<h5>Maximale Fahrzeugh\u00f6he: keine Begrenzung<\/h5>\n<p>&nbsp;<\/p>\n<p><a class=\"http:\/\/sharep.io\/get-your-app\/\" href=\"https:\/\/sharep.io\/ch\/app-download\/\" target=\"_blank\" rel=\"http:\/\/sharep.io\/get-your-app\/ noopener\"><img decoding=\"async\" class=\"http:\/\/sharep.io\/get-your-app\/ alignnone wp-image-4559 size-full\" title=\"http:\/\/sharep.io\/get-your-app\/\" src=\"https:\/\/sharep.io\/wp-content\/uploads\/2021\/08\/ENforum.png\" alt=\"\" width=\"720\" height=\"120\" srcset=\"https:\/\/sharep.io\/wp-content\/uploads\/2021\/08\/ENforum.png 720w, https:\/\/sharep.io\/wp-content\/uploads\/2021\/08\/ENforum-300x50.png 300w\" sizes=\"(max-width: 720px) 100vw, 720px\" \/><\/a><\/p>\n<p>&nbsp;<\/p>\n<p>&nbsp;<\/p>\n<hr \/>\n<h2 id=\"globus\" class=\"offset\"><img decoding=\"async\" class=\"alignnone wp-image-4377 size-full\" src=\"http:\/\/sharep.io\/wp-content\/uploads\/2021\/08\/Zrzut-ekranu-2021-09-9-o-13.13.45.png\" alt=\"\" width=\"1526\" height=\"1142\" srcset=\"https:\/\/sharep.io\/wp-content\/uploads\/2021\/08\/Zrzut-ekranu-2021-09-9-o-13.13.45.png 1526w, https:\/\/sharep.io\/wp-content\/uploads\/2021\/08\/Zrzut-ekranu-2021-09-9-o-13.13.45-300x225.png 300w, https:\/\/sharep.io\/wp-content\/uploads\/2021\/08\/Zrzut-ekranu-2021-09-9-o-13.13.45-1024x766.png 1024w, https:\/\/sharep.io\/wp-content\/uploads\/2021\/08\/Zrzut-ekranu-2021-09-9-o-13.13.45-768x575.png 768w\" sizes=\"(max-width: 1526px) 100vw, 1526px\" \/><\/h2>\n<h2><\/h2>\n<h2><\/h2>\n<h2><\/h2>\n<h2><strong><br \/>\nGlobus<\/strong><\/h2>\n<p>149 Parkpl\u00e4tze, <strong>durchgehend ge\u00f6ffnet<br \/>\n<\/strong><\/p>\n<p>L\u00f6wenstrasse 50, 8001 Z\u00fcrich<\/p>\n\n<p>&nbsp;<\/p>\n<p>Tarife von Montag bis Samstag (<strong>8:00 - 20:00<\/strong>):<\/p>\n<ul>\n<li>CHF 3.50 <strong>Mindestgeb\u00fchr<\/strong> f\u00fcr <strong>1 Stunde<\/strong>;<\/li>\n<li>CHF 1.50 f\u00fcr<strong> zus\u00e4tzliche 30<\/strong> Minuten;<\/li>\n<li>CHF 7.00 f\u00fcr 2 Stunden;<\/li>\n<li>CHF 2.00 f\u00fcr jede weiteren 30 Minuten <strong>bis<\/strong> 3 Stunden;<\/li>\n<li>CHF 2.00 f\u00fcr <strong>jede weiteren 15<\/strong> Minuten <strong>\u00fcber<\/strong> 3 Stunden;<\/li>\n<\/ul>\n<p>Nachtzeittarife (<strong>20:00 - 8:00<\/strong>) und sonntags:<\/p>\n<ul>\n<li>CHF 2.00 f\u00fcr<strong> jeweils 1 Stunde<\/strong>;<\/li>\n<\/ul>\n<h5><\/h5>\n<p>&nbsp;<\/p>\n<h5>Maximale Fahrzeugh\u00f6he: <strong>1,90 m<\/strong><\/h5>\n<p>&nbsp;<\/p>\n<hr \/>\n<h2 id=\"jelmoli\" class=\"offset\"><img decoding=\"async\" class=\"alignnone size-full wp-image-4037\" src=\"http:\/\/sharep.io\/wp-content\/uploads\/2021\/08\/Jelmoli.jpg\" alt=\"\" width=\"2134\" height=\"1600\" srcset=\"https:\/\/sharep.io\/wp-content\/uploads\/2021\/08\/Jelmoli.jpg 2134w, https:\/\/sharep.io\/wp-content\/uploads\/2021\/08\/Jelmoli-300x225.jpg 300w, https:\/\/sharep.io\/wp-content\/uploads\/2021\/08\/Jelmoli-1024x768.jpg 1024w, https:\/\/sharep.io\/wp-content\/uploads\/2021\/08\/Jelmoli-768x576.jpg 768w, https:\/\/sharep.io\/wp-content\/uploads\/2021\/08\/Jelmoli-1536x1152.jpg 1536w, https:\/\/sharep.io\/wp-content\/uploads\/2021\/08\/Jelmoli-2048x1536.jpg 2048w\" sizes=\"(max-width: 2134px) 100vw, 2134px\" \/><\/h2>\n<h2><\/h2>\n<p>&nbsp;<\/p>\n<h2><strong>Jelmoli<\/strong><\/h2>\n<p>222 Parkpl\u00e4tze, <strong>ganzt\u00e4gig ge\u00f6ffnet<br \/>\n<\/strong><\/p>\n<p>Steinm\u00fchleplatz 1, 8001 Z\u00fcrich<\/p>\n\n<p>&nbsp;<\/p>\n<p>Tarife von Montag bis Samstag (<strong>8:00 - 21:00<\/strong>):<\/p>\n<ul>\n<li>CHF 3.00 <strong>Mindestgeb\u00fchr<\/strong> f\u00fcr <strong>1 Stunde<\/strong>;<\/li>\n<li>CHF 7.00 f\u00fcr 2 Stunden;<\/li>\n<li>CHF 10.00 f\u00fcr 2,5 Stunden;<\/li>\n<li>CHF 11.00 f\u00fcr 3 Stunden;<\/li>\n<li>CHF 2.00 f\u00fcr <strong>jede weiteren 15<\/strong> Minuten;<\/li>\n<\/ul>\n<p>Nachtzeittarife (<strong>21:00 - 8:00<\/strong>) und sonntags:<\/p>\n<ul>\n<li>CHF 2.00 f\u00fcr<strong> jeweils 1 Stunde<\/strong>;<\/li>\n<\/ul>\n<p>&nbsp;<\/p>\n<h5>Maximale Fahrzeugh\u00f6he: <strong>2,00 m<\/strong><\/h5>\n<h5>EV-Ladeger\u00e4te verf\u00fcgbar<\/h5>\n<p>&nbsp;<\/p>\n<h6>Allgemeine Informationen:<\/h6>\n<p>\u00dcberwachung<\/p>\n<hr \/>\n<p>&nbsp;<\/p>\n<h2><\/h2>\n<h2><\/h2>\n<p>&nbsp;<\/p>\n<h2>Parkplatz und Ladestation Energietechnik - Share.P<\/h2>\n<p>Energietechnik Oerlikon AG 11kW<\/p>\n<p><strong>die ganze Zeit ge\u00f6ffnet<\/strong><\/p>\n<p style=\"text-align: left;\">Schaffhauserstrasse 369 8050 Z\u00fcrich Schweiz<\/p>\n\n<p>&nbsp;<\/p>\n<p>G\u00fcnstige Parkgeb\u00fchren:<\/p>\n<ul>\n<li>CHF 1.00 f\u00fcr jede 1 Stunde;<\/li>\n<\/ul>\n<p>&nbsp;<\/p>\n<h5>Ladestation f\u00fcr Elektrofahrzeuge: betrieben von Share.P<\/h5>\n<ul>\n<li>ab CHF 3.85 f\u00fcr 1 Stunde;<\/li>\n<\/ul>\n<p>&nbsp;<\/p>\n<h5><\/h5>\n<p>&nbsp;<\/p>\n<p><a class=\"http:\/\/sharep.io\/get-your-app\/\" href=\"https:\/\/sharep.io\/ch\/app-download\/\" target=\"_blank\" rel=\"http:\/\/sharep.io\/get-your-app\/ noopener\"><img decoding=\"async\" class=\"http:\/\/sharep.io\/get-your-app\/ alignnone wp-image-4559 size-full\" title=\"http:\/\/sharep.io\/get-your-app\/\" src=\"https:\/\/sharep.io\/wp-content\/uploads\/2021\/08\/ENforum.png\" alt=\"\" width=\"720\" height=\"120\" srcset=\"https:\/\/sharep.io\/wp-content\/uploads\/2021\/08\/ENforum.png 720w, https:\/\/sharep.io\/wp-content\/uploads\/2021\/08\/ENforum-300x50.png 300w\" sizes=\"(max-width: 720px) 100vw, 720px\" \/><\/a><\/p>\n<p>&nbsp;<\/p>\n<hr \/>\n<h2 id=\"talgarten\" class=\"offset\"><img decoding=\"async\" class=\"alignnone size-full wp-image-4038\" src=\"http:\/\/sharep.io\/wp-content\/uploads\/2021\/08\/talgarten.jpg\" alt=\"\" width=\"850\" height=\"637\" srcset=\"https:\/\/sharep.io\/wp-content\/uploads\/2021\/08\/talgarten.jpg 850w, https:\/\/sharep.io\/wp-content\/uploads\/2021\/08\/talgarten-300x225.jpg 300w, https:\/\/sharep.io\/wp-content\/uploads\/2021\/08\/talgarten-768x576.jpg 768w\" sizes=\"(max-width: 850px) 100vw, 850px\" \/><\/h2>\n<h2><\/h2>\n<p>&nbsp;<\/p>\n<h2><strong>Talgarten<\/strong><\/h2>\n<p>110 Parkpl\u00e4tze, <strong>durchgehend ge\u00f6ffnet<br \/>\n<\/strong><\/p>\n<p>N\u00fcschelerstrasse 31, 8001 Z\u00fcrich<\/p>\n\n<p>&nbsp;<\/p>\n<p>Tarife von Montag bis Samstag (<strong>6:00 - 22:00<\/strong>):<\/p>\n<ul>\n<li>CHF 2.00 f\u00fcr <strong>alle 30 Minuten<\/strong> = CHF 4.00 pro 1 Stunde;<\/li>\n<li>CHF 40.00 f\u00fcr die Tageskarte;<\/li>\n<\/ul>\n<p>Nachtzeittarife (<strong>22:00 - 6:00<\/strong>):<\/p>\n<ul>\n<li>CHF 3.00 f\u00fcr<strong> jeweils 1 Stunde<\/strong>;<\/li>\n<\/ul>\n<p>Sonntags und an Feiertagen:<\/p>\n<ul>\n<li>CHF 1.00 f\u00fcr<strong> alle 20 Minuten<\/strong>;<\/li>\n<\/ul>\n<p>&nbsp;<\/p>\n<p>Abonnement<\/p>\n<p>Park 10% billiger - Wert CHF 220 | Preis CHF 200<\/p>\n<p>&nbsp;<\/p>\n<h5>Maximale Fahrzeugh\u00f6he: <strong>2,10 m<\/strong><\/h5>\n<p>&nbsp;<\/p>\n<h6>Allgemeine Informationen:<\/h6>\n<p>Tankstelle<\/p>\n<hr \/>\n<h2 id=\"hohe-promenade\" class=\"offset\"><img decoding=\"async\" class=\"alignnone wp-image-4388 size-full\" src=\"http:\/\/sharep.io\/wp-content\/uploads\/2021\/08\/Zrzut-ekranu-2021-09-9-o-13.23.22.png\" alt=\"\" width=\"1516\" height=\"1128\" srcset=\"https:\/\/sharep.io\/wp-content\/uploads\/2021\/08\/Zrzut-ekranu-2021-09-9-o-13.23.22.png 1516w, https:\/\/sharep.io\/wp-content\/uploads\/2021\/08\/Zrzut-ekranu-2021-09-9-o-13.23.22-300x223.png 300w, https:\/\/sharep.io\/wp-content\/uploads\/2021\/08\/Zrzut-ekranu-2021-09-9-o-13.23.22-1024x762.png 1024w, https:\/\/sharep.io\/wp-content\/uploads\/2021\/08\/Zrzut-ekranu-2021-09-9-o-13.23.22-768x571.png 768w\" sizes=\"(max-width: 1516px) 100vw, 1516px\" \/><\/h2>\n<h2><\/h2>\n<h2><\/h2>\n<h2><strong><br \/>\nParkhaus Hohe Promenade<\/strong><\/h2>\n<p>402 Parkpl\u00e4tze plus 95 XXL-Pl\u00e4tze, <strong>durchgehend ge\u00f6ffnet<br \/>\n<\/strong><\/p>\n<p>R\u00e4mistrasse 22a, 8001 Z\u00fcrich<\/p>\n\n<p>&nbsp;<\/p>\n<p>Tarife von Montag bis Samstag (<strong>6<\/strong><strong>:00 - 22:00<\/strong>):<\/p>\n<ul>\n<li>CHF 2.00 <strong>Mindestgeb\u00fchr<\/strong> 30 Minuten lang;<\/li>\n<li>CHF 1.00 f\u00fcr<strong> zus\u00e4tzlich 15<\/strong> Minuten = CHF 4 pro 1 Stunde;<\/li>\n<li>CHF 1.00 f\u00fcr<strong>\u00a0 jede weitere 12<\/strong> Minuten <strong>\u00fcber<\/strong> 1 Stunde = CHF 5 pro 1 Stunde;<\/li>\n<li>CHF 45.00 f\u00fcr das Parken <strong>\u00fcber<\/strong> 9 Stunden <strong>bis<\/strong> 24 Stunden;<\/li>\n<li>CHF 45.00 + CHF 4.00\/Stunde f\u00fcr das Parken <strong>\u00fcber<\/strong> 24 Stunden;<\/li>\n<li>CHF 50.00 f\u00fcr verlorenes Ticket;<\/li>\n<\/ul>\n<p>Nachtzeittarife (<strong>22:00 - 6:00<\/strong>), Sonntage und Feiertage:<\/p>\n<ul>\n<li>CHF 2.00 f\u00fcr<strong> jeweils 1 Stunde<\/strong>;<\/li>\n<\/ul>\n<h5><\/h5>\n<p>&nbsp;<\/p>\n<h5>Maximale Fahrzeugh\u00f6he: <strong>2,10 m<\/strong><\/h5>\n<h5><\/h5>\n<p>&nbsp;<\/p>\n<h6>Allgemeine Informationen:<\/h6>\n<p>Dauermiete<\/p>\n<p>video\u00fcberwacht<\/p>\n<p>Aufzug und Toiletten auch f\u00fcr behinderte Menschen<\/p>\n<p>&nbsp;<\/p>\n<hr \/>\n<p>&nbsp;<\/p>\n<h2><\/h2>\n<p>&nbsp;<\/p>\n<h2>Ladestationen und Parkpl\u00e4tze Berninastrasse - Share.P<\/h2>\n<p><strong>die ganze Zeit ge\u00f6ffnet<\/strong><\/p>\n<p style=\"text-align: left;\">Berninastrasse 29, 8057 Z\u00fcrich, Schweiz<\/p>\n\n<p>&nbsp;<\/p>\n<p>Parkgeb\u00fchren:<\/p>\n<ul>\n<li>CHF 2.00 pro 1 Std;<\/li>\n<li>CHF 15.00 pro Tag;<\/li>\n<li>CHF 140.00 pro 1 Monat;<\/li>\n<\/ul>\n<p>&nbsp;<\/p>\n<h5>11 kW Ladestationen verf\u00fcgbar<\/h5>\n<p>&nbsp;<\/p>\n<p><a class=\"http:\/\/sharep.io\/get-your-app\/\" href=\"https:\/\/sharep.io\/ch\/app-download\/\" target=\"_blank\" rel=\"http:\/\/sharep.io\/get-your-app\/ noopener\"><img decoding=\"async\" class=\"http:\/\/sharep.io\/get-your-app\/ alignnone wp-image-4559 size-full\" title=\"http:\/\/sharep.io\/get-your-app\/\" src=\"https:\/\/sharep.io\/wp-content\/uploads\/2021\/08\/ENforum.png\" alt=\"\" width=\"720\" height=\"120\" srcset=\"https:\/\/sharep.io\/wp-content\/uploads\/2021\/08\/ENforum.png 720w, https:\/\/sharep.io\/wp-content\/uploads\/2021\/08\/ENforum-300x50.png 300w\" sizes=\"(max-width: 720px) 100vw, 720px\" \/><\/a><\/p>\n<p>&nbsp;<\/p>\n<p>&nbsp;<\/p>\n<hr \/>\n<h2 id=\"bleicherweg\" class=\"offset\"><img decoding=\"async\" class=\"alignnone wp-image-4480 size-full\" src=\"http:\/\/sharep.io\/wp-content\/uploads\/2021\/08\/Bleicherweg-zurich-area-parking-rules-ShareP-AG.png\" alt=\"\" width=\"4032\" height=\"3024\" srcset=\"https:\/\/sharep.io\/wp-content\/uploads\/2021\/08\/Bleicherweg-zurich-area-parking-rules-ShareP-AG.png 4032w, https:\/\/sharep.io\/wp-content\/uploads\/2021\/08\/Bleicherweg-zurich-area-parking-rules-ShareP-AG-300x225.png 300w, https:\/\/sharep.io\/wp-content\/uploads\/2021\/08\/Bleicherweg-zurich-area-parking-rules-ShareP-AG-1024x768.png 1024w, https:\/\/sharep.io\/wp-content\/uploads\/2021\/08\/Bleicherweg-zurich-area-parking-rules-ShareP-AG-768x576.png 768w, https:\/\/sharep.io\/wp-content\/uploads\/2021\/08\/Bleicherweg-zurich-area-parking-rules-ShareP-AG-1536x1152.png 1536w, https:\/\/sharep.io\/wp-content\/uploads\/2021\/08\/Bleicherweg-zurich-area-parking-rules-ShareP-AG-2048x1536.png 2048w\" sizes=\"(max-width: 4032px) 100vw, 4032px\" \/><\/h2>\n<h2><\/h2>\n<h2><strong><br \/>\nBleicherweg<\/strong><\/h2>\n<p>264 Parkpl\u00e4tze, <strong>durchgehend ge\u00f6ffnet<br \/>\n<\/strong><\/p>\n<p>Beethovenstrasse 35, 8002 Z\u00fcrich<\/p>\n\n<p>&nbsp;<\/p>\n<p>Tarife von Montag bis Samstag (<strong>6<\/strong><strong>:00 - 22:00<\/strong>):<\/p>\n<ul>\n<li>CHF 4.00 <strong>Mindestgeb\u00fchr<\/strong> 1 Stunde lang;<\/li>\n<li>CHF 9.00 f\u00fcr 2 Stunden;<\/li>\n<li>CHF 4.00 f\u00fcr jede weitere Stunde <strong>bis 7 Stunden<\/strong>;<\/li>\n<li>CHF 3.00 f\u00fcr jede weitere Stunde bis 10 Stunden;<\/li>\n<li>CHF 39.00 f\u00fcr den Tagestarif;<\/li>\n<\/ul>\n<p>Nachtzeittarife (<strong>22:00 - 6:00<\/strong>), Sonntage und Feiertage:<\/p>\n<ul>\n<li>CHF 3.00 f\u00fcr<strong> jeweils 1 Stunde<\/strong>;<\/li>\n<\/ul>\n<p>&nbsp;<\/p>\n<p>Abonnement<\/p>\n<p>Park 10% billiger - Wert CHF 220 | Preis CHF 200<\/p>\n<h5><\/h5>\n<p>&nbsp;<\/p>\n<h5>Maximale Fahrzeugh\u00f6he: <strong>2,00 m<\/strong><\/h5>\n<hr \/>\n<h2 id=\"feldegg\" class=\"offset\"><img decoding=\"async\" class=\"alignnone wp-image-4386 size-full\" src=\"http:\/\/sharep.io\/wp-content\/uploads\/2021\/08\/Zrzut-ekranu-2021-09-9-o-13.21.47.png\" alt=\"\" width=\"1520\" height=\"1138\" srcset=\"https:\/\/sharep.io\/wp-content\/uploads\/2021\/08\/Zrzut-ekranu-2021-09-9-o-13.21.47.png 1520w, https:\/\/sharep.io\/wp-content\/uploads\/2021\/08\/Zrzut-ekranu-2021-09-9-o-13.21.47-300x225.png 300w, https:\/\/sharep.io\/wp-content\/uploads\/2021\/08\/Zrzut-ekranu-2021-09-9-o-13.21.47-1024x767.png 1024w, https:\/\/sharep.io\/wp-content\/uploads\/2021\/08\/Zrzut-ekranu-2021-09-9-o-13.21.47-768x575.png 768w\" sizes=\"(max-width: 1520px) 100vw, 1520px\" \/><\/h2>\n<h2><\/h2>\n<h2><strong><br \/>\nFeldegg<\/strong><\/h2>\n<p>147 Parkpl\u00e4tze, <strong>durchgehend ge\u00f6ffnet<br \/>\n<\/strong><\/p>\n<p>Riesbachstrasse 7, 8008 Z\u00fcrich<\/p>\n\n<p>&nbsp;<\/p>\n<p>Tarife von Montag bis Samstag (<strong>6<\/strong><strong>:00 - 22:00<\/strong>):<\/p>\n<ul>\n<li>CHF 2.50 f\u00fcr die <strong>erste Stunde<\/strong>;<\/li>\n<li>CHF 0.50 f\u00fcr jede weiteren 15 Minuten <strong>bis 2 Stunden 45 Minuten<\/strong>;<\/li>\n<li>CHF 7.00 f\u00fcr 3 Stunden;<\/li>\n<li>CHF 1.00 f\u00fcr jede weiteren 15 Minuten <strong>bis 7 Uhr<\/strong>;<\/li>\n<li>CHF 25.00 f\u00fcr 7 Stunden 15 Minuten;<\/li>\n<li>CHF 2.00 f\u00fcr jede weiteren 15 Minuten <strong>\u00fcber 7 Stunden<\/strong>;<\/li>\n<li>CHF 40.00 f\u00fcr 9 Stunden Parken <strong>bis<\/strong> 24 Stunden;<\/li>\n<li>CHF 40.00 + als Aufpreis f\u00fcr das Parken <strong>\u00fcber<\/strong> 24 Stunden;<\/li>\n<li>CHF 50.00 f\u00fcr verlorenes Ticket;<\/li>\n<\/ul>\n<p>Nachtzeittarife (<strong>22:00 - 6:00<\/strong>), Sonntage und Feiertage:<\/p>\n<ul>\n<li>CHF 1,50 f\u00fcr<strong> jeweils 1 Stunde<\/strong>;<\/li>\n<\/ul>\n<p>&nbsp;<\/p>\n<h5><\/h5>\n<p>&nbsp;<\/p>\n<h5>Maximale Fahrzeugh\u00f6he: <strong>2,00 m<\/strong><\/h5>\n<p>&nbsp;<\/p>\n<h6>Allgemeine Informationen:<\/h6>\n<p>Toiletten<\/p>\n<p>video\u00fcberwacht<\/p>\n<hr \/>\n<h2 id=\"hauptbahnhof\" class=\"offset\"><img decoding=\"async\" class=\"alignnone size-full wp-image-4076\" src=\"http:\/\/sharep.io\/wp-content\/uploads\/2021\/08\/parkhaus-hauptbahnhof-01.jpg\" alt=\"\" width=\"2000\" height=\"1333\" srcset=\"https:\/\/sharep.io\/wp-content\/uploads\/2021\/08\/parkhaus-hauptbahnhof-01.jpg 2000w, https:\/\/sharep.io\/wp-content\/uploads\/2021\/08\/parkhaus-hauptbahnhof-01-300x200.jpg 300w, https:\/\/sharep.io\/wp-content\/uploads\/2021\/08\/parkhaus-hauptbahnhof-01-1024x682.jpg 1024w, https:\/\/sharep.io\/wp-content\/uploads\/2021\/08\/parkhaus-hauptbahnhof-01-768x512.jpg 768w, https:\/\/sharep.io\/wp-content\/uploads\/2021\/08\/parkhaus-hauptbahnhof-01-1536x1024.jpg 1536w, https:\/\/sharep.io\/wp-content\/uploads\/2021\/08\/parkhaus-hauptbahnhof-01-960x640.jpg 960w\" sizes=\"(max-width: 2000px) 100vw, 2000px\" \/><\/h2>\n<h2><\/h2>\n<h2><\/h2>\n<h2><strong><br \/>\nHauptbahnhof<\/strong><\/h2>\n<p>173 Parkpl\u00e4tze,\u00a0<strong>die ganze Zeit offen<\/strong><\/p>\n<p>Sihlquai 41, 8005 Z\u00fcrich<\/p>\n\n<p>&nbsp;<\/p>\n<p>Tagestarife (<strong>6:00 - 22:00<\/strong>):<\/p>\n<ul>\n<li>CHF 2.00 f\u00fcr 30 Minuten;<\/li>\n<li class=\"translation-block\">CHF 1.00 <strong>jede<\/strong> <strong>zus\u00e4tzliche 15 <\/strong>Minuten = CHF 4.00 pro 1 Std;<\/li>\n<li>CHF 1.00 f\u00fcr <strong>jede<\/strong> <strong>zus\u00e4tzliche 12 <\/strong>Minuten <strong>\u00fcber<\/strong> 1 Std. = CHF 5.00 pro 1 Std;<\/li>\n<li>CHF 44.00 f\u00fcr 9 Stunden;<\/li>\n<li>CHF 45.00 f\u00fcr 9 Stunden Parken <strong>bis<\/strong> 24 Stunden;<\/li>\n<li>CHF 45.00 + CHF 4.00\/Std. f\u00fcr Parken <strong>\u00fcber<\/strong> 24 Stunden;<\/li>\n<li>CHF 50.00 f\u00fcr verlorenes Ticket;<\/li>\n<\/ul>\n<p>Nachtzeittarife (<strong>22:00 - 6:00<\/strong>), Sonntage und Feiertage:<\/p>\n<ul>\n<li>CHF 2.00 f\u00fcr<strong> jeweils 1 Stunde<\/strong>;<\/li>\n<\/ul>\n<p>&nbsp;<\/p>\n<p>&nbsp;<\/p>\n<h5>Maximale Fahrzeugh\u00f6he: <strong>2,00 m<\/strong><\/h5>\n<p>&nbsp;<\/p>\n<h6>Allgemeine Informationen:<\/h6>\n<p>Tankstelle<\/p>\n<p>Autow\u00e4sche<\/p>\n<p>Aufzug<\/p>\n<p>Video\u00fcberwachung<\/p>\n<hr \/>\n<p><img decoding=\"async\" class=\"alignnone wp-image-4449 size-full\" src=\"http:\/\/sharep.io\/wp-content\/uploads\/2021\/08\/Parking-Messe-Zurich-Stadion-ShareP-AG-rules-area.png\" alt=\"\" width=\"4032\" height=\"3024\" srcset=\"https:\/\/sharep.io\/wp-content\/uploads\/2021\/08\/Parking-Messe-Zurich-Stadion-ShareP-AG-rules-area.png 4032w, https:\/\/sharep.io\/wp-content\/uploads\/2021\/08\/Parking-Messe-Zurich-Stadion-ShareP-AG-rules-area-300x225.png 300w, https:\/\/sharep.io\/wp-content\/uploads\/2021\/08\/Parking-Messe-Zurich-Stadion-ShareP-AG-rules-area-1024x768.png 1024w, https:\/\/sharep.io\/wp-content\/uploads\/2021\/08\/Parking-Messe-Zurich-Stadion-ShareP-AG-rules-area-768x576.png 768w, https:\/\/sharep.io\/wp-content\/uploads\/2021\/08\/Parking-Messe-Zurich-Stadion-ShareP-AG-rules-area-1536x1152.png 1536w, https:\/\/sharep.io\/wp-content\/uploads\/2021\/08\/Parking-Messe-Zurich-Stadion-ShareP-AG-rules-area-2048x1536.png 2048w\" sizes=\"(max-width: 4032px) 100vw, 4032px\" \/><\/p>\n<p>&nbsp;<\/p>\n<h2 id=\"messe\" class=\"offset\"><strong>Messe<\/strong><\/h2>\n<p>1988 Pl\u00e4tze<\/p>\n\n<p><strong>Dauer<\/strong><\/p>\n<p>Sonntag - Donnerstag: <strong>06.00 - 01.00<\/strong><\/p>\n<p><strong>Freitag - Samstag: durchgehend ge\u00f6ffnet<\/strong><\/p>\n<p>Andreasstrasse 65, 8050 Z\u00fcrich<\/p>\n<p>&nbsp;<\/p>\n<p>Tagestarife (<strong>6:00 - 01:00<\/strong>):<\/p>\n<ul>\n<li>CHF 1.00 <strong>Mindestgeb\u00fchr<\/strong> f\u00fcr <strong>30<\/strong> Minuten;<\/li>\n<li>CHF 1.00 f\u00fcr<strong> jede weiteren 15<\/strong> Minuten = CHF 3.00 pro 1 Stunde;<\/li>\n<li>CHF 7.00 f\u00fcr 2 Stunden;<\/li>\n<li>CHF 3.00 f\u00fcr<strong> jede weitere\u00a0<\/strong>1 Stunde;<\/li>\n<li>CHF 28.00 f\u00fcr 10 Stunden;<\/li>\n<li>CHF 30.00 Tageskarte;<\/li>\n<\/ul>\n<p>Nachtzeittarife (<strong>01:00 - 6:00<\/strong>):<\/p>\n<ul>\n<li>CHF 3.00 f\u00fcr<strong> jeweils 1 Stunde<\/strong>;<\/li>\n<\/ul>\n<p>&nbsp;<\/p>\n<h5>Maximale Fahrzeugh\u00f6he: <strong>2,50 m<\/strong><\/h5>\n<p>&nbsp;<\/p>\n<h6>Allgemeine Informationen:<\/h6>\n<p>Sonderparkpl\u00e4tze f\u00fcr Behinderte und Frauen<\/p>\n<p>Dauerhafte Anmietung<\/p>\n<p>&nbsp;<\/p>\n<hr \/>\n<p>&nbsp;<\/p>\n<h2 id=\"west\" class=\"offset\"><img decoding=\"async\" class=\"alignnone size-full wp-image-4380\" src=\"http:\/\/sharep.io\/wp-content\/uploads\/2021\/08\/Zrzut-ekranu-2021-09-9-o-13.16.32.png\" alt=\"\" width=\"1530\" height=\"1140\" srcset=\"https:\/\/sharep.io\/wp-content\/uploads\/2021\/08\/Zrzut-ekranu-2021-09-9-o-13.16.32.png 1530w, https:\/\/sharep.io\/wp-content\/uploads\/2021\/08\/Zrzut-ekranu-2021-09-9-o-13.16.32-300x224.png 300w, https:\/\/sharep.io\/wp-content\/uploads\/2021\/08\/Zrzut-ekranu-2021-09-9-o-13.16.32-1024x763.png 1024w, https:\/\/sharep.io\/wp-content\/uploads\/2021\/08\/Zrzut-ekranu-2021-09-9-o-13.16.32-768x572.png 768w\" sizes=\"(max-width: 1530px) 100vw, 1530px\" \/><\/h2>\n<h2><\/h2>\n<p>&nbsp;<\/p>\n<h2><strong>P West<br \/>\n<\/strong><\/h2>\n<p>1400 Pl\u00e4tze f\u00fcr Dauermieter und Kurzzeitparkierer, <strong>durchgehend ge\u00f6ffnet<\/strong><\/p>\n<p>F\u00f6rrlibuckstrasse 151, 8002 Z\u00fcrich<\/p>\n\n<p>&nbsp;<\/p>\n<p>Tarife (<strong>alle Tage, 24h<\/strong>):<\/p>\n<ul>\n<li>CHF 2.00 f\u00fcr<strong> jeweils 1 Stunde<\/strong>;<\/li>\n<li>CHF 15.00 <strong>Tagesmaximum<\/strong>: mehr zahlen Sie pro Tag nie;<\/li>\n<\/ul>\n<p>Mit diesem Einheitstarif ist das P West das g\u00fcnstigste Ganztagsparkhaus in Z\u00fcrich.<br \/>\n&nbsp;<\/p>\n<h5>Maximale Fahrzeugh\u00f6he: <strong>1,80 m<\/strong><\/h5>\n<p>&nbsp;<\/p>\n<h6>Allgemeine Informationen:<\/h6>\n<p>\u00fcberwacht<\/p>\n<hr \/>\n<p><img decoding=\"async\" class=\"alignnone wp-image-4450 size-full\" src=\"http:\/\/sharep.io\/wp-content\/uploads\/2021\/08\/Accu-Oerlikon-Parking-in-Zuirch-guide-Share-P-AG.png\" alt=\"\" width=\"4032\" height=\"3024\" srcset=\"https:\/\/sharep.io\/wp-content\/uploads\/2021\/08\/Accu-Oerlikon-Parking-in-Zuirch-guide-Share-P-AG.png 4032w, https:\/\/sharep.io\/wp-content\/uploads\/2021\/08\/Accu-Oerlikon-Parking-in-Zuirch-guide-Share-P-AG-300x225.png 300w, https:\/\/sharep.io\/wp-content\/uploads\/2021\/08\/Accu-Oerlikon-Parking-in-Zuirch-guide-Share-P-AG-1024x768.png 1024w, https:\/\/sharep.io\/wp-content\/uploads\/2021\/08\/Accu-Oerlikon-Parking-in-Zuirch-guide-Share-P-AG-768x576.png 768w, https:\/\/sharep.io\/wp-content\/uploads\/2021\/08\/Accu-Oerlikon-Parking-in-Zuirch-guide-Share-P-AG-1536x1152.png 1536w, https:\/\/sharep.io\/wp-content\/uploads\/2021\/08\/Accu-Oerlikon-Parking-in-Zuirch-guide-Share-P-AG-2048x1536.png 2048w\" sizes=\"(max-width: 4032px) 100vw, 4032px\" \/><\/p>\n<p>&nbsp;<\/p>\n<h2 id=\"accu\" class=\"offset\"><strong>Accu<\/strong><\/h2>\n<p>217 Parkpl\u00e4tze, <strong>durchgehend ge\u00f6ffnet<\/strong><\/p>\n<p>Otto-Sch\u00fctz-Weg, 8050 Z\u00fcrich<\/p>\n\n<p>&nbsp;<\/p>\n<p>Tagestarife (<strong>8:00 - 21:00<\/strong>) Montag - Samstag:<\/p>\n<ul>\n<li>CHF 1.50 <strong>bis 30 Minuten<\/strong>;<\/li>\n<li>CHF 2.00 <strong>bis 60 Minuten<\/strong>;<\/li>\n<li>CHF 3.00 <strong>bis 90 Minuten<\/strong>;<\/li>\n<li>CHF 5.00 <strong>bis 120 Minuten<\/strong>;<\/li>\n<li>CHF 2.00 f\u00fcr <strong>jede weiteren 30<\/strong> Minuten bis 300 Minuten;<\/li>\n<li>CHF 3.00 f\u00fcr <strong>jede weitere <\/strong>Stunde \u00fcber 300 Minuten;<\/li>\n<\/ul>\n<p>Nachtzeittarife (<strong>22:00 - 6:00<\/strong>) und Sonntag:<\/p>\n<ul>\n<li>CHF 1.50 f\u00fcr<strong> jeweils 1 Stunde<\/strong>;<\/li>\n<\/ul>\n<p>&nbsp;<\/p>\n<h5>Maximale Fahrzeugh\u00f6he: <strong>1,90 m<\/strong><\/h5>\n<p>&nbsp;<\/p>\n<h6>Allgemeine Informationen:<\/h6>\n<p>\u00dcberwachung<\/p>\n<hr \/>\n<p><img decoding=\"async\" class=\"alignnone wp-image-4451 size-full\" src=\"http:\/\/sharep.io\/wp-content\/uploads\/2021\/08\/Dorflinde-zurich-parking-Share.P.png\" alt=\"\" width=\"4032\" height=\"3024\" srcset=\"https:\/\/sharep.io\/wp-content\/uploads\/2021\/08\/Dorflinde-zurich-parking-Share.P.png 4032w, https:\/\/sharep.io\/wp-content\/uploads\/2021\/08\/Dorflinde-zurich-parking-Share.P-300x225.png 300w, https:\/\/sharep.io\/wp-content\/uploads\/2021\/08\/Dorflinde-zurich-parking-Share.P-1024x768.png 1024w, https:\/\/sharep.io\/wp-content\/uploads\/2021\/08\/Dorflinde-zurich-parking-Share.P-768x576.png 768w, https:\/\/sharep.io\/wp-content\/uploads\/2021\/08\/Dorflinde-zurich-parking-Share.P-1536x1152.png 1536w, https:\/\/sharep.io\/wp-content\/uploads\/2021\/08\/Dorflinde-zurich-parking-Share.P-2048x1536.png 2048w\" sizes=\"(max-width: 4032px) 100vw, 4032px\" \/><\/p>\n<p>&nbsp;<\/p>\n<h2 id=\"dorflinde\" class=\"offset\"><strong>Dorflinde<\/strong><\/h2>\n<p>48 Pl\u00e4tze, <strong>durchgehend ge\u00f6ffnet<\/strong><\/p>\n<p>Schwamendingenstrasse 31, 8050 Z\u00fcrich<\/p>\n\n<p>&nbsp;<\/p>\n<p>Tagestarife (<strong>6:00 - 22:00<\/strong>) Montag - Samstag:<\/p>\n<ul>\n<li>CHF 0,50 <strong>Mindestgeb\u00fchr<\/strong> f\u00fcr <strong>30<\/strong> Minuten;<\/li>\n<li>CHF 0.50 f\u00fcr <strong>jede weiteren 15<\/strong> Minuten = CHF 2.00 pro Stunde;<\/li>\n<li>CHF 28.00 bis 00:00 Uhr;<\/li>\n<li>CHF 28.00 + Standardtarif f\u00fcr Aufenthalte nach 00:00 Uhr;<\/li>\n<li>CHF 30.00 f\u00fcr ein verlorenes Ticket;<\/li>\n<\/ul>\n<p>Nachtzeittarife (<strong>22:00 - 6:00<\/strong>), Sonntag und Feiertage:<\/p>\n<ul>\n<li>CHF 1.00 f\u00fcr <strong>jede <\/strong>Stunde;<\/li>\n<\/ul>\n<p>&nbsp;<\/p>\n<h5>Maximale Fahrzeugh\u00f6he: <strong>1,95 m<\/strong><\/h5>\n<p>&nbsp;<\/p>\n<h6>Allgemeine Informationen:<\/h6>\n<p>Dauermiete<\/p>\n<p>Aufzug<\/p>\n<p>video\u00fcberwacht<\/p>\n<hr \/>\n<h2><\/h2>\n<h2><img decoding=\"async\" class=\"alignnone size-full wp-image-4382\" src=\"http:\/\/sharep.io\/wp-content\/uploads\/2021\/08\/Zrzut-ekranu-2021-09-9-o-13.18.09.png\" alt=\"\" width=\"1520\" height=\"1132\" srcset=\"https:\/\/sharep.io\/wp-content\/uploads\/2021\/08\/Zrzut-ekranu-2021-09-9-o-13.18.09.png 1520w, https:\/\/sharep.io\/wp-content\/uploads\/2021\/08\/Zrzut-ekranu-2021-09-9-o-13.18.09-300x223.png 300w, https:\/\/sharep.io\/wp-content\/uploads\/2021\/08\/Zrzut-ekranu-2021-09-9-o-13.18.09-1024x763.png 1024w, https:\/\/sharep.io\/wp-content\/uploads\/2021\/08\/Zrzut-ekranu-2021-09-9-o-13.18.09-768x572.png 768w\" sizes=\"(max-width: 1520px) 100vw, 1520px\" \/><\/h2>\n<p>&nbsp;<\/p>\n<h2 id=\"Albisriederplatz\" class=\"offset\"><strong>Albisriederplatz<\/strong><\/h2>\n<p>66 Parkpl\u00e4tze, <strong>durchgehend ge\u00f6ffnet<br \/>\n<\/strong><\/p>\n<p>Badenerstrasse 380, 8004 Z\u00fcrich<\/p>\n\n<p>&nbsp;<\/p>\n<p>Tarife von Montag bis Samstag (<strong>6:00 - 22:00<\/strong>):<\/p>\n<ul>\n<li>CHF 1.00 <strong>Mindestgeb\u00fchr<\/strong> f\u00fcr <strong>1 Stunde<\/strong>;<\/li>\n<li>CHF 2.00 f\u00fcr jede weitere 1 Stunde;<\/li>\n<\/ul>\n<p>&nbsp;<\/p>\n<h5>Maximale Fahrzeugh\u00f6he: <strong>2,05 m<\/strong><\/h5>\n<hr \/>\n<p><img decoding=\"async\" class=\"alignnone wp-image-4452 size-full\" src=\"http:\/\/sharep.io\/wp-content\/uploads\/2021\/08\/Center-Eleven-Oerlikon-11-Zurich-ShareP.png\" alt=\"\" width=\"4032\" height=\"3024\" srcset=\"https:\/\/sharep.io\/wp-content\/uploads\/2021\/08\/Center-Eleven-Oerlikon-11-Zurich-ShareP.png 4032w, https:\/\/sharep.io\/wp-content\/uploads\/2021\/08\/Center-Eleven-Oerlikon-11-Zurich-ShareP-300x225.png 300w, https:\/\/sharep.io\/wp-content\/uploads\/2021\/08\/Center-Eleven-Oerlikon-11-Zurich-ShareP-1024x768.png 1024w, https:\/\/sharep.io\/wp-content\/uploads\/2021\/08\/Center-Eleven-Oerlikon-11-Zurich-ShareP-768x576.png 768w, https:\/\/sharep.io\/wp-content\/uploads\/2021\/08\/Center-Eleven-Oerlikon-11-Zurich-ShareP-1536x1152.png 1536w, https:\/\/sharep.io\/wp-content\/uploads\/2021\/08\/Center-Eleven-Oerlikon-11-Zurich-ShareP-2048x1536.png 2048w\" sizes=\"(max-width: 4032px) 100vw, 4032px\" \/><\/p>\n<p>&nbsp;<\/p>\n<h2 id=\"eleven\" class=\"offset\"><strong>Zentrum Elf<\/strong><\/h2>\n<p>423 Parkpl\u00e4tze, <strong>durchgehend ge\u00f6ffnet<\/strong><\/p>\n<p>Sophie-T\u00e4uber-Strasse 4, 8050 Z\u00fcrich<\/p>\n\n<p>&nbsp;<\/p>\n<p>Tagestarife (<strong>8:00 - 21:00<\/strong>) Montag - Samstag:<\/p>\n<ul>\n<li>CHF 1.50 <strong>bis 30 Minuten<\/strong>;<\/li>\n<li>CHF 2.00 <strong>bis 60 Minuten<\/strong>;<\/li>\n<li>CHF 3.00 <strong>bis 90 Minuten<\/strong>;<\/li>\n<li>CHF 5.00 <strong>bis 120 Minuten<\/strong>;<\/li>\n<li>CHF 2.00 f\u00fcr <strong>jede weiteren 30<\/strong> Minuten bis 300 Minuten;<\/li>\n<li>CHF 3.00 f\u00fcr <strong>jede weitere <\/strong>Stunde \u00fcber 300 Minuten;<\/li>\n<\/ul>\n<p>Nachtzeittarife (<strong>21:00 - 8:00<\/strong>) und Sonntag:<\/p>\n<ul>\n<li>CHF 1.50 f\u00fcr<strong> jeweils 1 Stunde<\/strong>;<\/li>\n<\/ul>\n<p>&nbsp;<\/p>\n<h5>Maximale Fahrzeugh\u00f6he: 2,0<strong>0 m<\/strong><\/h5>\n<p>&nbsp;<\/p>\n<h6>Allgemeine Informationen:<\/h6>\n<p>\u00dcberwachung<\/p>\n<p>Dauermiete<\/p>\n<hr \/>\n<p><img decoding=\"async\" class=\"alignnone size-full wp-image-4378\" src=\"http:\/\/sharep.io\/wp-content\/uploads\/2021\/08\/Zrzut-ekranu-2021-09-9-o-13.14.44.png\" alt=\"\" width=\"1530\" height=\"1148\" srcset=\"https:\/\/sharep.io\/wp-content\/uploads\/2021\/08\/Zrzut-ekranu-2021-09-9-o-13.14.44.png 1530w, https:\/\/sharep.io\/wp-content\/uploads\/2021\/08\/Zrzut-ekranu-2021-09-9-o-13.14.44-300x225.png 300w, https:\/\/sharep.io\/wp-content\/uploads\/2021\/08\/Zrzut-ekranu-2021-09-9-o-13.14.44-1024x768.png 1024w, https:\/\/sharep.io\/wp-content\/uploads\/2021\/08\/Zrzut-ekranu-2021-09-9-o-13.14.44-768x576.png 768w\" sizes=\"(max-width: 1530px) 100vw, 1530px\" \/><\/p>\n<p>&nbsp;<\/p>\n<h2 id=\"puls\" class=\"offset\"><strong>Puls 5<br \/>\n<\/strong><\/h2>\n<p>62 Pl\u00e4tze, <strong>\u00f6ffnen <\/strong>Mo-So: <strong>06:00<\/strong> zu <strong>23:30<\/strong><\/p>\n<p>Giessereistrasse 18, 8005 Z\u00fcrich<\/p>\n\n<p>&nbsp;<\/p>\n<p>Die Geb\u00fchr:<\/p>\n<ul>\n<li>CHF 3.00 f\u00fcr 1 Stunde;<\/li>\n<\/ul>\n<p>&nbsp;<\/p>\n<h5>Maximale Fahrzeugh\u00f6he: <strong>2.00m<\/strong><\/h5>\n<p>&nbsp;<\/p>\n<h6>Allgemeine Informationen:<\/h6>\n<p>video\u00fcberwacht<\/p>\n<hr \/>\n<h2 id=\"nordhaus\" class=\"offset\"><img decoding=\"async\" class=\"alignnone wp-image-4453 size-full\" src=\"http:\/\/sharep.io\/wp-content\/uploads\/2021\/08\/Parking-Nordhaus-Oerlikon-in-Zuirch-ShareP.png\" alt=\"\" width=\"4032\" height=\"3024\" srcset=\"https:\/\/sharep.io\/wp-content\/uploads\/2021\/08\/Parking-Nordhaus-Oerlikon-in-Zuirch-ShareP.png 4032w, https:\/\/sharep.io\/wp-content\/uploads\/2021\/08\/Parking-Nordhaus-Oerlikon-in-Zuirch-ShareP-300x225.png 300w, https:\/\/sharep.io\/wp-content\/uploads\/2021\/08\/Parking-Nordhaus-Oerlikon-in-Zuirch-ShareP-1024x768.png 1024w, https:\/\/sharep.io\/wp-content\/uploads\/2021\/08\/Parking-Nordhaus-Oerlikon-in-Zuirch-ShareP-768x576.png 768w, https:\/\/sharep.io\/wp-content\/uploads\/2021\/08\/Parking-Nordhaus-Oerlikon-in-Zuirch-ShareP-1536x1152.png 1536w, https:\/\/sharep.io\/wp-content\/uploads\/2021\/08\/Parking-Nordhaus-Oerlikon-in-Zuirch-ShareP-2048x1536.png 2048w\" sizes=\"(max-width: 4032px) 100vw, 4032px\" \/><\/h2>\n<h2><\/h2>\n<p>&nbsp;<\/p>\n<h2><strong>Nordhaus<\/strong><\/h2>\n<p>250 Pl\u00e4tze, davon 75 im 3. Untergeschoss f\u00fcr Dauermieter, <strong>durchgehend ge\u00f6ffnet<\/strong><\/p>\n<p>Siewerdtstrasse 8, 8050 Z\u00fcrich<\/p>\n\n<p>&nbsp;<\/p>\n<p>Geb\u00fchren (<strong>01:00 &#8211; 20:29<\/strong>):<\/p>\n<ul>\n<li>CHF 2.00 pro Stunde f\u00fcr die <strong>ersten 2 Stunden<\/strong>;<\/li>\n<li>CHF 3.00 f\u00fcr <strong>jede weitere <\/strong>Stunde;<\/li>\n<\/ul>\n<p>Abendtarife (<strong>20:30 &#8211; 00:59<\/strong>):<\/p>\n<ul>\n<li>CHF 6.00 f\u00fcr<strong> jeweils 1 Stunde<\/strong>;<\/li>\n<\/ul>\n<p>Verlorenes Ticket: CHF 100.00<\/p>\n<p>Es gibt keine Tageskarte: l\u00e4ngeres Parkieren wird pro Stunde verrechnet.<br \/>\n&nbsp;<\/p>\n<h5>Maximale Fahrzeugh\u00f6he: <strong>2.00 m<\/strong><\/h5>\n<p>&nbsp;<\/p>\n<h6>Allgemeine Informationen:<\/h6>\n<p>Dauermiete<\/p>\n<hr \/>\n<p>&nbsp;<\/p>\n<h2 id=\"parkside\" class=\"offset\"><img decoding=\"async\" class=\"alignnone wp-image-4454 size-full\" src=\"http:\/\/sharep.io\/wp-content\/uploads\/2021\/08\/Parkside-rules-and-guide-of-parking-in-Zurich-Share.P.png\" alt=\"\" width=\"4032\" height=\"3024\" srcset=\"https:\/\/sharep.io\/wp-content\/uploads\/2021\/08\/Parkside-rules-and-guide-of-parking-in-Zurich-Share.P.png 4032w, https:\/\/sharep.io\/wp-content\/uploads\/2021\/08\/Parkside-rules-and-guide-of-parking-in-Zurich-Share.P-300x225.png 300w, https:\/\/sharep.io\/wp-content\/uploads\/2021\/08\/Parkside-rules-and-guide-of-parking-in-Zurich-Share.P-1024x768.png 1024w, https:\/\/sharep.io\/wp-content\/uploads\/2021\/08\/Parkside-rules-and-guide-of-parking-in-Zurich-Share.P-768x576.png 768w, https:\/\/sharep.io\/wp-content\/uploads\/2021\/08\/Parkside-rules-and-guide-of-parking-in-Zurich-Share.P-1536x1152.png 1536w, https:\/\/sharep.io\/wp-content\/uploads\/2021\/08\/Parkside-rules-and-guide-of-parking-in-Zurich-Share.P-2048x1536.png 2048w\" sizes=\"(max-width: 4032px) 100vw, 4032px\" \/><\/h2>\n<h2><\/h2>\n<p>&nbsp;<\/p>\n<h2><strong>Parkside<\/strong><\/h2>\n<p>43 Pl\u00e4tze, <strong>die ganze Zeit ge\u00f6ffnet<br \/>\n<\/strong><\/p>\n<p>Sophie-T\u00e4uber-Strasse 10, 8050 Z\u00fcrich<\/p>\n\n<p>&nbsp;<\/p>\n<p>Tagestarife (<strong>8:00 - 21:00<\/strong>):<\/p>\n<ul>\n<li>CHF 1.50 <strong>bis 30 Minuten<\/strong>;<\/li>\n<li>CHF 2.00 <strong>bis 60 Minuten<\/strong>;<\/li>\n<li>CHF 3.00 <strong>bis 90 Minuten<\/strong>;<\/li>\n<li>CHF 5.00 <strong>bis 120 Minuten<\/strong>;<\/li>\n<li>CHF 2.00 f\u00fcr <strong>jede weiteren 30<\/strong> Minuten bis 300 Minuten;<\/li>\n<li>CHF 3.00 f\u00fcr <strong>jede weitere <\/strong>Stunde \u00fcber 300 Minuten;<\/li>\n<\/ul>\n<p>Nachtzeittarife (<strong>21:00 - 8:00<\/strong>) und am Sonntag:<\/p>\n<ul>\n<li>CHF 1.50 f\u00fcr<strong> jeweils 1 Stunde<\/strong>;<\/li>\n<\/ul>\n<p>&nbsp;<\/p>\n<h5>Maximale Fahrzeugh\u00f6he:<strong> 2,10 m<\/strong><\/h5>\n<p>&nbsp;<\/p>\n<h6>Allgemeine Informationen:<\/h6>\n<p>\u00fcberwacht<\/p>\n<hr \/>\n<h2 id=\"uni\" class=\"offset\"><\/h2>\n<h2><strong>Uni Irchel<\/strong><\/h2>\n<p>975 Pl\u00e4tze, davon 750 Kurzzeitparkpl\u00e4tze, <strong>die ganze Zeit ge\u00f6ffnet<br \/>\n<\/strong><\/p>\n<p>Winterthurerstrasse 181, 8057 Z\u00fcrich<\/p>\n\n<p>&nbsp;<\/p>\n<p>Ladeger\u00e4te:<\/p>\n<ul>\n<li>CHF 3.50 f\u00fcr <strong>erste <\/strong>Stunde;<\/li>\n<li>CHF 3.00 f\u00fcr jede weitere Stunde;<\/li>\n<li>CHF 55.00 f\u00fcr eine <strong>Wochenkarte<\/strong>;<\/li>\n<li>CHF 200.00 f\u00fcr eine <strong>Monatskarte<\/strong>;<\/li>\n<li>CHF 50.00 f\u00fcr verlorenes Ticket;<\/li>\n<\/ul>\n<p>&nbsp;<\/p>\n<h5>Maximale Fahrzeugh\u00f6he:<strong> 2,15 m<\/strong><\/h5>\n<p>&nbsp;<\/p>\n<h6>Allgemeine Informationen:<\/h6>\n<p>video\u00fcberwacht<\/p>\n<p>Aufzug und Toilette f\u00fcr Behinderte<\/p>\n<hr \/>\n<p>&nbsp;<\/p>\n<h2 id=\"Helvetiaplatz\" class=\"offset\"><img decoding=\"async\" class=\"alignnone size-full wp-image-4408\" src=\"http:\/\/sharep.io\/wp-content\/uploads\/2021\/08\/Helvetiaplatz-zurich.jpg\" alt=\"\" width=\"1000\" height=\"667\" srcset=\"https:\/\/sharep.io\/wp-content\/uploads\/2021\/08\/Helvetiaplatz-zurich.jpg 1000w, https:\/\/sharep.io\/wp-content\/uploads\/2021\/08\/Helvetiaplatz-zurich-300x200.jpg 300w, https:\/\/sharep.io\/wp-content\/uploads\/2021\/08\/Helvetiaplatz-zurich-768x512.jpg 768w, https:\/\/sharep.io\/wp-content\/uploads\/2021\/08\/Helvetiaplatz-zurich-960x640.jpg 960w\" sizes=\"(max-width: 1000px) 100vw, 1000px\" \/><\/h2>\n<h2><\/h2>\n<h2><\/h2>\n<p>&nbsp;<\/p>\n<h2><strong>Helvetiaplatz<\/strong><\/h2>\n<p>66 Parkpl\u00e4tze, <strong>365 Tage, 24 Stunden ge\u00f6ffnet<br \/>\n<\/strong><\/p>\n<p>Molkenstrasse 5\/9, 8004 Z\u00fcrich<\/p>\n\n<p>&nbsp;<\/p>\n<p>Tagestarife (<strong>8:00 - 21:00<\/strong>) Montag - Samstag:<\/p>\n<ul>\n<li>CHF 4.00 <strong>Mindestgeb\u00fchr<\/strong> f\u00fcr <strong>1<\/strong> Stunde;<\/li>\n<li>CHF 1.00 f\u00fcr <strong>jede<\/strong> 15 Minuten = CHF 4.00 pro Stunde;<\/li>\n<li>CHF 40.00 Tageskarte (von 10:00 bis Mitternacht);<\/li>\n<li>CHF 40.00 + 4\/Std. f\u00fcr Aufenthalte \u00fcber 00:00);<\/li>\n<\/ul>\n<p>Feiertage und Sonntage:<\/p>\n<ul>\n<li>CHF 2.00 f\u00fcr <strong>jede weitere <\/strong>Stunde;<\/li>\n<\/ul>\n<p>&nbsp;<\/p>\n<h5>Maximale Fahrzeugh\u00f6he: 2,1<strong>0 m<\/strong><\/h5>\n<p>&nbsp;<\/p>\n<hr \/>\n<p>&nbsp;<\/p>\n<h2 id=\"crowne\" class=\"offset\"><img decoding=\"async\" class=\"alignnone size-full wp-image-4381\" src=\"http:\/\/sharep.io\/wp-content\/uploads\/2021\/08\/Zrzut-ekranu-2021-09-9-o-13.17.20.png\" alt=\"\" width=\"1522\" height=\"1088\" srcset=\"https:\/\/sharep.io\/wp-content\/uploads\/2021\/08\/Zrzut-ekranu-2021-09-9-o-13.17.20.png 1522w, https:\/\/sharep.io\/wp-content\/uploads\/2021\/08\/Zrzut-ekranu-2021-09-9-o-13.17.20-300x214.png 300w, https:\/\/sharep.io\/wp-content\/uploads\/2021\/08\/Zrzut-ekranu-2021-09-9-o-13.17.20-1024x732.png 1024w, https:\/\/sharep.io\/wp-content\/uploads\/2021\/08\/Zrzut-ekranu-2021-09-9-o-13.17.20-768x549.png 768w\" sizes=\"(max-width: 1522px) 100vw, 1522px\" \/><\/h2>\n<h2><\/h2>\n<p>&nbsp;<\/p>\n<h2><strong>Crowne Plaza<\/strong><\/h2>\n<p>323 Pl\u00e4tze, <strong>365 Tage, 24 Stunden ge\u00f6ffnet<br \/>\n<\/strong><\/p>\n<p>Badenerstrasse 420, 8004 Z\u00fcrich<\/p>\n\n<p>&nbsp;<\/p>\n<p>Standardgeb\u00fchren:<\/p>\n<ul>\n<li>CHF 3.00 <strong>Mindestgeb\u00fchr<\/strong> f\u00fcr <strong>1<\/strong> Stunde;<\/li>\n<li>CHF 7.00 f\u00fcr 2 Stunden;<\/li>\n<li>CHF 10.00 f\u00fcr 3 Stunden;<\/li>\n<li>CHF 2.00 f\u00fcr <strong>jede weitere<\/strong> Stunde;<\/li>\n<\/ul>\n<p>Gro\u00dfveranstaltungen Letzigrund:<\/p>\n<ul>\n<li>CHF 5.00 f\u00fcr <strong>jede weitere <\/strong>Stunde;<\/li>\n<\/ul>\n<p>&nbsp;<\/p>\n<h5>Maximale Fahrzeugh\u00f6he: <strong>1.90 m<\/strong><\/h5>\n<p>&nbsp;<\/p>\n<h6>Allgemeine Informationen:<\/h6>\n<p>Sonderparkpl\u00e4tze f\u00fcr Behinderte und Frauen<\/p>\n<p>\u00fcberwacht<\/p>\n<p>Dauermiete<\/p>\n<hr \/>\n<p><img decoding=\"async\" class=\"alignnone wp-image-4455 size-full\" src=\"http:\/\/sharep.io\/wp-content\/uploads\/2021\/08\/Cityport-Zuirch-Parking-in-Oerlikon-ShareP.png\" alt=\"\" width=\"4032\" height=\"3024\" srcset=\"https:\/\/sharep.io\/wp-content\/uploads\/2021\/08\/Cityport-Zuirch-Parking-in-Oerlikon-ShareP.png 4032w, https:\/\/sharep.io\/wp-content\/uploads\/2021\/08\/Cityport-Zuirch-Parking-in-Oerlikon-ShareP-300x225.png 300w, https:\/\/sharep.io\/wp-content\/uploads\/2021\/08\/Cityport-Zuirch-Parking-in-Oerlikon-ShareP-1024x768.png 1024w, https:\/\/sharep.io\/wp-content\/uploads\/2021\/08\/Cityport-Zuirch-Parking-in-Oerlikon-ShareP-768x576.png 768w, https:\/\/sharep.io\/wp-content\/uploads\/2021\/08\/Cityport-Zuirch-Parking-in-Oerlikon-ShareP-1536x1152.png 1536w, https:\/\/sharep.io\/wp-content\/uploads\/2021\/08\/Cityport-Zuirch-Parking-in-Oerlikon-ShareP-2048x1536.png 2048w\" sizes=\"(max-width: 4032px) 100vw, 4032px\" \/><\/p>\n<p>&nbsp;<\/p>\n<h2 id=\"cityport\" class=\"offset\"><strong>Stadthafen<\/strong><\/h2>\n<p>175 Pl\u00e4tze, <strong>die ganze Zeit ge\u00f6ffnet<br \/>\n<\/strong><\/p>\n<p>Affolternstrasse 56, 8050 Z\u00fcrich<\/p>\n\n<p>&nbsp;<\/p>\n<p>Tagestarife (<strong>8:00 - 21:00<\/strong>):<\/p>\n<ul>\n<li>CHF 1.50 <strong>bis 30 Minuten<\/strong>;<\/li>\n<li>CHF 2.00 <strong>bis 60 Minuten<\/strong>;<\/li>\n<li>CHF 3.00 <strong>bis 90 Minuten<\/strong>;<\/li>\n<li>CHF 5.00 <strong>bis 120 Minuten<\/strong>;<\/li>\n<li>CHF 2.00 f\u00fcr <strong>jede weiteren 30<\/strong> Minuten bis 300 Minuten;<\/li>\n<li>CHF 3.00 f\u00fcr <strong>jede weitere <\/strong>Stunde \u00fcber 300 Minuten;<\/li>\n<\/ul>\n<p>Nachtzeittarife (<strong>21:00 - 8:00<\/strong>) und am Sonntag:<\/p>\n<ul>\n<li>CHF 1.50 f\u00fcr<strong> jeweils 1 Stunde<\/strong>;<\/li>\n<\/ul>\n<p>&nbsp;<\/p>\n<h5>Maximale Fahrzeugh\u00f6he:<strong> 2,05 m<\/strong><\/h5>\n<p>&nbsp;<\/p>\n<h6>Allgemeine Informationen:<\/h6>\n<p>\u00dcberwachung<\/p>\n<hr \/>\n<p><img decoding=\"async\" class=\"alignnone size-full wp-image-4383\" src=\"http:\/\/sharep.io\/wp-content\/uploads\/2021\/08\/Zrzut-ekranu-2021-09-9-o-13.19.03.png\" alt=\"\" width=\"1530\" height=\"1148\" srcset=\"https:\/\/sharep.io\/wp-content\/uploads\/2021\/08\/Zrzut-ekranu-2021-09-9-o-13.19.03.png 1530w, https:\/\/sharep.io\/wp-content\/uploads\/2021\/08\/Zrzut-ekranu-2021-09-9-o-13.19.03-300x225.png 300w, https:\/\/sharep.io\/wp-content\/uploads\/2021\/08\/Zrzut-ekranu-2021-09-9-o-13.19.03-1024x768.png 1024w, https:\/\/sharep.io\/wp-content\/uploads\/2021\/08\/Zrzut-ekranu-2021-09-9-o-13.19.03-768x576.png 768w\" sizes=\"(max-width: 1530px) 100vw, 1530px\" \/><\/p>\n<p>&nbsp;<\/p>\n<h2 id=\"hardau\" class=\"offset\"><strong>Hardau II<br \/>\n<\/strong><\/h2>\n<p>100 Pl\u00e4tze, <strong>durchgehend ge\u00f6ffnet<\/strong><\/p>\n<p>Bullingerstrasse 73, 8004 Z\u00fcrich<\/p>\n\n<p>&nbsp;<\/p>\n<p>Tagestarife (<strong>6:00 - 22:00<\/strong>) Montag - Samstag:<\/p>\n<ul>\n<li>CHF 0,50 <strong>Mindestgeb\u00fchr<\/strong> f\u00fcr <strong>30<\/strong> Minuten;<\/li>\n<li>CHF 0.50 f\u00fcr <strong>jede weiteren 15<\/strong> Minuten = CHF 2.00 pro Stunde;<\/li>\n<li>CHF 8.00 f\u00fcr 4 Stunden;<\/li>\n<li>CHF 1.00 f\u00fcr <strong>jede weiteren 15<\/strong> Minuten = CHF 4.00 pro Stunde;<\/li>\n<li>CHF 28.00 t\u00e4glich bis Mitternacht;<\/li>\n<li>CHF 28.00 + Standardgeb\u00fchren f\u00fcr den Aufenthalt am Tag und nach 00:00 Uhr;<\/li>\n<\/ul>\n<p>Nachtzeittarife (<strong>22:00 - 6:00<\/strong>), Sonntag und Feiertage:<\/p>\n<ul>\n<li>CHF 1.00 f\u00fcr <strong>jede <\/strong>Stunde;<\/li>\n<\/ul>\n<p>&nbsp;<\/p>\n<h5>Maximale Fahrzeugh\u00f6he: <strong>2,10 m<\/strong><\/h5>\n<p>&nbsp;<\/p>\n<h6>Allgemeine Informationen:<\/h6>\n<p>Dauermiete<\/p>\n<p>video\u00fcberwacht<\/p>\n<p>Aufzug und Toiletten auch f\u00fcr behinderte Menschen<\/p>\n<hr \/>\n<p><img decoding=\"async\" class=\"alignnone wp-image-4456 size-full\" src=\"http:\/\/sharep.io\/wp-content\/uploads\/2021\/08\/Jungholz-parking-Zurich-Oerlikon-Share.P.png\" alt=\"\" width=\"4032\" height=\"3024\" srcset=\"https:\/\/sharep.io\/wp-content\/uploads\/2021\/08\/Jungholz-parking-Zurich-Oerlikon-Share.P.png 4032w, https:\/\/sharep.io\/wp-content\/uploads\/2021\/08\/Jungholz-parking-Zurich-Oerlikon-Share.P-300x225.png 300w, https:\/\/sharep.io\/wp-content\/uploads\/2021\/08\/Jungholz-parking-Zurich-Oerlikon-Share.P-1024x768.png 1024w, https:\/\/sharep.io\/wp-content\/uploads\/2021\/08\/Jungholz-parking-Zurich-Oerlikon-Share.P-768x576.png 768w, https:\/\/sharep.io\/wp-content\/uploads\/2021\/08\/Jungholz-parking-Zurich-Oerlikon-Share.P-1536x1152.png 1536w, https:\/\/sharep.io\/wp-content\/uploads\/2021\/08\/Jungholz-parking-Zurich-Oerlikon-Share.P-2048x1536.png 2048w\" sizes=\"(max-width: 4032px) 100vw, 4032px\" \/><\/p>\n<p>&nbsp;<\/p>\n<h2 id=\"jungholz\" class=\"offset\"><strong>Jungholz<\/strong><\/h2>\n<p>139 Parkpl\u00e4tze, <strong>durchgehend ge\u00f6ffnet<\/strong><\/p>\n<p>Jungholzstrasse 19, 8050 Z\u00fcrich<\/p>\n\n<p>&nbsp;<\/p>\n<p>Tagestarife (<strong>8:00 - 21:00<\/strong>) Montag - Samstag:<\/p>\n<ul>\n<li>CHF 1.50 <strong>bis 30 Minuten<\/strong>;<\/li>\n<li>CHF 2.00 <strong>bis 60 Minuten<\/strong>;<\/li>\n<li>CHF 3.00 <strong>bis 90 Minuten<\/strong>;<\/li>\n<li>CHF 5.00 <strong>bis 120 Minuten<\/strong>;<\/li>\n<li>CHF 2.00 f\u00fcr <strong>jede weiteren 30<\/strong> Minuten bis 300 Minuten;<\/li>\n<li>CHF 3.00 f\u00fcr <strong>jede weitere <\/strong>Stunde \u00fcber 300 Minuten;<\/li>\n<\/ul>\n<p>Nachtzeittarife (<strong>21:00 - 8:00<\/strong>), Sonntag und Feiertage:<\/p>\n<ul>\n<li>CHF 1.50 f\u00fcr<strong> jeweils 1 Stunde<\/strong>;<\/li>\n<\/ul>\n<p>&nbsp;<\/p>\n<h5>Maximale Fahrzeugh\u00f6he: <strong>2,00 m<\/strong><\/h5>\n<p>&nbsp;<\/p>\n<h6>Allgemeine Informationen:<\/h6>\n<p>video\u00fcberwacht<\/p>\n<hr \/>\n<p><img decoding=\"async\" class=\"alignnone size-full wp-image-4457\" src=\"http:\/\/sharep.io\/wp-content\/uploads\/2021\/08\/Max-Bill-Platz-Zurich-Oerlikon-Parking-Share-P.png\" alt=\"\" width=\"4032\" height=\"3024\" srcset=\"https:\/\/sharep.io\/wp-content\/uploads\/2021\/08\/Max-Bill-Platz-Zurich-Oerlikon-Parking-Share-P.png 4032w, https:\/\/sharep.io\/wp-content\/uploads\/2021\/08\/Max-Bill-Platz-Zurich-Oerlikon-Parking-Share-P-300x225.png 300w, https:\/\/sharep.io\/wp-content\/uploads\/2021\/08\/Max-Bill-Platz-Zurich-Oerlikon-Parking-Share-P-1024x768.png 1024w, https:\/\/sharep.io\/wp-content\/uploads\/2021\/08\/Max-Bill-Platz-Zurich-Oerlikon-Parking-Share-P-768x576.png 768w, https:\/\/sharep.io\/wp-content\/uploads\/2021\/08\/Max-Bill-Platz-Zurich-Oerlikon-Parking-Share-P-1536x1152.png 1536w, https:\/\/sharep.io\/wp-content\/uploads\/2021\/08\/Max-Bill-Platz-Zurich-Oerlikon-Parking-Share-P-2048x1536.png 2048w\" sizes=\"(max-width: 4032px) 100vw, 4032px\" \/><\/p>\n<p>&nbsp;<\/p>\n<h2 id=\"max\" class=\"offset\"><strong>Max-Bill-Platz<\/strong><\/h2>\n<p>123 Parkpl\u00e4tze, <strong>durchgehend ge\u00f6ffnet <\/strong><\/p>\n<p>Armin-Bollinger-Weg, 8050 Z\u00fcrich<\/p>\n\n<p>&nbsp;<\/p>\n<p>Tagestarife (<strong>8:00 - 21:00<\/strong>) Montag - Samstag:<\/p>\n<ul>\n<li>CHF 1.50 <strong>bis 30 Minuten<\/strong>;<\/li>\n<li>CHF 2.00 <strong>bis 60 Minuten<\/strong>;<\/li>\n<li>CHF 3.00 <strong>bis 90 Minuten<\/strong>;<\/li>\n<li>CHF 5.00 <strong>bis 120 Minuten<\/strong>;<\/li>\n<li>CHF 2.00 f\u00fcr <strong>jede weiteren 30<\/strong> Minuten bis 300 Minuten;<\/li>\n<li>CHF 3.00 f\u00fcr <strong>jede weitere <\/strong>Stunde \u00fcber 300 Minuten;<\/li>\n<\/ul>\n<p>Nachtzeittarife (<strong>21:00 - 8:00<\/strong>), Sonntag und Feiertage:<\/p>\n<ul>\n<li>CHF 1.50 f\u00fcr<strong> jeweils 1 Stunde<\/strong>;<\/li>\n<\/ul>\n<p>&nbsp;<\/p>\n<h5>Maximale Fahrzeugh\u00f6he: <strong>2,30 m<\/strong><\/h5>\n<p>&nbsp;<\/p>\n<h6>Allgemeine Informationen:<\/h6>\n<p>video\u00fcberwacht<\/p>\n<hr \/>\n<p><img decoding=\"async\" class=\"alignnone size-full wp-image-4458\" src=\"http:\/\/sharep.io\/wp-content\/uploads\/2021\/08\/Octavo-Oerlikon-Parking-Zurich-rules-ShareP-AG.png\" alt=\"\" width=\"4032\" height=\"3024\" srcset=\"https:\/\/sharep.io\/wp-content\/uploads\/2021\/08\/Octavo-Oerlikon-Parking-Zurich-rules-ShareP-AG.png 4032w, https:\/\/sharep.io\/wp-content\/uploads\/2021\/08\/Octavo-Oerlikon-Parking-Zurich-rules-ShareP-AG-300x225.png 300w, https:\/\/sharep.io\/wp-content\/uploads\/2021\/08\/Octavo-Oerlikon-Parking-Zurich-rules-ShareP-AG-1024x768.png 1024w, https:\/\/sharep.io\/wp-content\/uploads\/2021\/08\/Octavo-Oerlikon-Parking-Zurich-rules-ShareP-AG-768x576.png 768w, https:\/\/sharep.io\/wp-content\/uploads\/2021\/08\/Octavo-Oerlikon-Parking-Zurich-rules-ShareP-AG-1536x1152.png 1536w, https:\/\/sharep.io\/wp-content\/uploads\/2021\/08\/Octavo-Oerlikon-Parking-Zurich-rules-ShareP-AG-2048x1536.png 2048w\" sizes=\"(max-width: 4032px) 100vw, 4032px\" \/><\/p>\n<p>&nbsp;<\/p>\n<h2 id=\"octavo\" class=\"offset\"><strong>Octavo<\/strong><\/h2>\n<p>141 Parkpl\u00e4tze, <strong>durchgehend ge\u00f6ffnet <\/strong><\/p>\n<p>Brown-Boveri-Strasse 2, 8050 Z\u00fcrich<\/p>\n\n<p>&nbsp;<\/p>\n<p>Tagestarife (<strong>8:00 - 21:00<\/strong>) Montag - Samstag:<\/p>\n<ul>\n<li>CHF 1.50 <strong>bis 30 Minuten<\/strong>;<\/li>\n<li>CHF 2.00 <strong>bis 60 Minuten<\/strong>;<\/li>\n<li>CHF 3.00 <strong>bis 90 Minuten<\/strong>;<\/li>\n<li>CHF 5.00 <strong>bis 120 Minuten<\/strong>;<\/li>\n<li>CHF 2.00 f\u00fcr <strong>jede weiteren 30<\/strong> Minuten bis 300 Minuten;<\/li>\n<li>CHF 3.00 f\u00fcr <strong>jede weitere <\/strong>Stunde \u00fcber 300 Minuten;<\/li>\n<\/ul>\n<p>Nachtzeittarife (<strong>21:00 - 8:00<\/strong>), Sonntag und Feiertage:<\/p>\n<ul>\n<li>CHF 1.50 f\u00fcr<strong> jeweils 1 Stunde<\/strong>;<\/li>\n<\/ul>\n<p>&nbsp;<\/p>\n<h5>Maximale Fahrzeugh\u00f6he: <strong>2,10 m<\/strong><\/h5>\n<p>&nbsp;<\/p>\n<h6>Allgemeine Informationen:<\/h6>\n<p>\u00dcberwachung<\/p>\n<hr \/>\n<p>&nbsp;<\/p>\n<h2 id=\"hyatt\" class=\"offset\"><img decoding=\"async\" class=\"alignnone size-full wp-image-4446\" src=\"http:\/\/sharep.io\/wp-content\/uploads\/2021\/08\/Park-Hyatt-in-Zurich-Parking-area-and-spots-photo-Share.P.png\" alt=\"\" width=\"4032\" height=\"3024\" srcset=\"https:\/\/sharep.io\/wp-content\/uploads\/2021\/08\/Park-Hyatt-in-Zurich-Parking-area-and-spots-photo-Share.P.png 4032w, https:\/\/sharep.io\/wp-content\/uploads\/2021\/08\/Park-Hyatt-in-Zurich-Parking-area-and-spots-photo-Share.P-300x225.png 300w, https:\/\/sharep.io\/wp-content\/uploads\/2021\/08\/Park-Hyatt-in-Zurich-Parking-area-and-spots-photo-Share.P-1024x768.png 1024w, https:\/\/sharep.io\/wp-content\/uploads\/2021\/08\/Park-Hyatt-in-Zurich-Parking-area-and-spots-photo-Share.P-768x576.png 768w, https:\/\/sharep.io\/wp-content\/uploads\/2021\/08\/Park-Hyatt-in-Zurich-Parking-area-and-spots-photo-Share.P-1536x1152.png 1536w, https:\/\/sharep.io\/wp-content\/uploads\/2021\/08\/Park-Hyatt-in-Zurich-Parking-area-and-spots-photo-Share.P-2048x1536.png 2048w\" sizes=\"(max-width: 4032px) 100vw, 4032px\" \/><\/h2>\n<h2><\/h2>\n<p>&nbsp;<\/p>\n<h2><strong>Park Hyatt<br \/>\n<\/strong><\/h2>\n<p>267 Stellen, <strong>365 Tage, 24 Stunden ge\u00f6ffnet<br \/>\n<\/strong><\/p>\n<p>Beethovenstrasse 21, 8002 Z\u00fcrich<\/p>\n\n<p>&nbsp;<\/p>\n<p>Standardgeb\u00fchren:<\/p>\n<ul>\n<li>CHF 4.00 <strong>Mindestgeb\u00fchr<\/strong> f\u00fcr <strong>1<\/strong> Stunde;<\/li>\n<li>CHF 10.00 f\u00fcr 2 Stunden;<\/li>\n<li>CHF 17.00 f\u00fcr 3 Stunden;<\/li>\n<li>CHF 24.00 f\u00fcr 4 Stunden;<\/li>\n<li>CHF 28.00 f\u00fcr 5 Stunden;<\/li>\n<li>CHF 34.00 f\u00fcr 6 Stunden;<\/li>\n<li>CHF 40.00 f\u00fcr 7 Stunden;<\/li>\n<li>CHF 45.00 Tageskarte;<\/li>\n<li>CHF 55.00 f\u00fcr ein verlorenes Ticket;<\/li>\n<\/ul>\n<p>Nachtgeb\u00fchren <strong>(22:00 - 6:00)<\/strong>:<\/p>\n<ul>\n<li>CHF 2.00 f\u00fcr <strong>jede weitere <\/strong>Stunde;<\/li>\n<\/ul>\n<p>Abonnement:<\/p>\n<ul>\n<li>Park-Kreditkarte CHF 230.00 (Wert: CHF 260.00);<\/li>\n<li>Monatliches Parkticket CHF 665.00;<\/li>\n<\/ul>\n<p>Hotelg\u00e4ste :<\/p>\n<ul>\n<li>CHF 45.00 pro Nacht;<\/li>\n<\/ul>\n<p>&nbsp;<\/p>\n<h5>Maximale Fahrzeugh\u00f6he: <strong>2.1<\/strong><strong>0 m<\/strong><\/h5>\n<hr \/>\n<p><img decoding=\"async\" class=\"alignnone size-full wp-image-4379\" src=\"http:\/\/sharep.io\/wp-content\/uploads\/2021\/08\/Zrzut-ekranu-2021-09-9-o-13.15.48.png\" alt=\"\" width=\"1520\" height=\"1148\" srcset=\"https:\/\/sharep.io\/wp-content\/uploads\/2021\/08\/Zrzut-ekranu-2021-09-9-o-13.15.48.png 1520w, https:\/\/sharep.io\/wp-content\/uploads\/2021\/08\/Zrzut-ekranu-2021-09-9-o-13.15.48-300x227.png 300w, https:\/\/sharep.io\/wp-content\/uploads\/2021\/08\/Zrzut-ekranu-2021-09-9-o-13.15.48-1024x773.png 1024w, https:\/\/sharep.io\/wp-content\/uploads\/2021\/08\/Zrzut-ekranu-2021-09-9-o-13.15.48-768x580.png 768w\" sizes=\"(max-width: 1520px) 100vw, 1520px\" \/><\/p>\n<p>&nbsp;<\/p>\n<h2 id=\"Pfingstweid\" class=\"offset\"><strong>Pfingstweid<\/strong><\/h2>\n<p>280 Pl\u00e4tze, <strong>durchgehend ge\u00f6ffnet<\/strong><\/p>\n<p>Pfingstweidstrasse 1, 8005 Z\u00fcrich<\/p>\n\n<p>&nbsp;<\/p>\n<p>Ladeger\u00e4te:<\/p>\n<ul>\n<li>CHF 2.00 <strong>minimal<\/strong> <strong>Geb\u00fchr<\/strong> 30 Minuten lang;<\/li>\n<li>CHF 4.00 f\u00fcr die erste Stunde;<\/li>\n<li>CHF 11.50 f\u00fcr 3 Stunden;<\/li>\n<li>CHF 42.00 f\u00fcr Parkieren bis 12 Stunden;<\/li>\n<li>CHF 3.50 f\u00fcr <strong>jede weitere <\/strong>Stunde \u00fcber 12 Stunden;<\/li>\n<li>CHF 120.00 f\u00fcr verlorenes Ticket;<\/li>\n<\/ul>\n<p>&nbsp;<\/p>\n<h5>Maximale Fahrzeugh\u00f6he: <strong>2.00 m<\/strong><\/h5>\n<p>&nbsp;<\/p>\n<h6>Allgemeine Informationen:<\/h6>\n<p>Vorauszahlung m\u00f6glich<\/p>\n<hr \/>\n<p><img decoding=\"async\" class=\"alignnone size-full wp-image-4443\" src=\"http:\/\/sharep.io\/wp-content\/uploads\/2021\/08\/Stampfenbach-parking-Zurich-Share.P-city-area-park.png\" alt=\"\" width=\"4032\" height=\"3024\" srcset=\"https:\/\/sharep.io\/wp-content\/uploads\/2021\/08\/Stampfenbach-parking-Zurich-Share.P-city-area-park.png 4032w, https:\/\/sharep.io\/wp-content\/uploads\/2021\/08\/Stampfenbach-parking-Zurich-Share.P-city-area-park-300x225.png 300w, https:\/\/sharep.io\/wp-content\/uploads\/2021\/08\/Stampfenbach-parking-Zurich-Share.P-city-area-park-1024x768.png 1024w, https:\/\/sharep.io\/wp-content\/uploads\/2021\/08\/Stampfenbach-parking-Zurich-Share.P-city-area-park-768x576.png 768w, https:\/\/sharep.io\/wp-content\/uploads\/2021\/08\/Stampfenbach-parking-Zurich-Share.P-city-area-park-1536x1152.png 1536w, https:\/\/sharep.io\/wp-content\/uploads\/2021\/08\/Stampfenbach-parking-Zurich-Share.P-city-area-park-2048x1536.png 2048w\" sizes=\"(max-width: 4032px) 100vw, 4032px\" \/><\/p>\n<p>&nbsp;<\/p>\n<h2 id=\"Stampfenbach\" class=\"offset\"><strong>Stampfenbach<\/strong><\/h2>\n<p>237 Parkpl\u00e4tze, <strong>durchgehend ge\u00f6ffnet <\/strong><\/p>\n<p>Niklausstrasse 1, 8006 Z\u00fcrich<\/p>\n\n<p>&nbsp;<\/p>\n<p>Tagestarife (<strong>6:00 - 22:00<\/strong>) Montag - Samstag:<\/p>\n<ul>\n<li>CHF 3.50 <strong>pro Stunde;<br \/>\n<\/strong><\/li>\n<\/ul>\n<p>Nachtzeittarife (<strong>22:00 - 6:00<\/strong>):<\/p>\n<ul>\n<li>CHF 2.00 f\u00fcr <strong>jede <\/strong>Stunde;<\/li>\n<\/ul>\n<p>&nbsp;<\/p>\n<h5>Maximale Fahrzeugh\u00f6he: <strong>2,00 m<\/strong><\/h5>\n<p>&nbsp;<\/p>\n<h6>Allgemeine Informationen:<\/h6>\n<p>Dauermiete<\/p>\n<hr \/>\n<p><img decoding=\"async\" class=\"alignnone size-full wp-image-4459\" src=\"http:\/\/sharep.io\/wp-content\/uploads\/2021\/08\/How-to-park-in-Zurich-Theater-11-with-Share.P.png\" alt=\"\" width=\"4032\" height=\"3024\" srcset=\"https:\/\/sharep.io\/wp-content\/uploads\/2021\/08\/How-to-park-in-Zurich-Theater-11-with-Share.P.png 4032w, https:\/\/sharep.io\/wp-content\/uploads\/2021\/08\/How-to-park-in-Zurich-Theater-11-with-Share.P-300x225.png 300w, https:\/\/sharep.io\/wp-content\/uploads\/2021\/08\/How-to-park-in-Zurich-Theater-11-with-Share.P-1024x768.png 1024w, https:\/\/sharep.io\/wp-content\/uploads\/2021\/08\/How-to-park-in-Zurich-Theater-11-with-Share.P-768x576.png 768w, https:\/\/sharep.io\/wp-content\/uploads\/2021\/08\/How-to-park-in-Zurich-Theater-11-with-Share.P-1536x1152.png 1536w, https:\/\/sharep.io\/wp-content\/uploads\/2021\/08\/How-to-park-in-Zurich-Theater-11-with-Share.P-2048x1536.png 2048w\" sizes=\"(max-width: 4032px) 100vw, 4032px\" \/><\/p>\n<p>&nbsp;<\/p>\n<h2 id=\"theater\" class=\"offset\"><strong>Theater 11<br \/>\n<\/strong><\/h2>\n<p>188 Punkte, <strong>durchgehend ge\u00f6ffnet<\/strong><\/p>\n<p>D\u00f6rfli-\/Thurgauerstrasse, 8050 Z\u00fcrich<\/p>\n\n<p>&nbsp;<\/p>\n<p>Ladeger\u00e4te:<\/p>\n<ul>\n<li>CHF 1.00 <strong>minimal<\/strong> <strong>Geb\u00fchr<\/strong> 30 Minuten lang;<\/li>\n<li>CHF 3.00 f\u00fcr die erste Stunde;<\/li>\n<li>CHF 7.50 f\u00fcr 2 Stunden;<\/li>\n<li>CHF 9.50 f\u00fcr 3 Stunden;<\/li>\n<li>CHF 11.50 f\u00fcr 4 Stunden;<\/li>\n<li>CHF 2.00 f\u00fcr <strong>jede weitere <\/strong>Stunde;<\/li>\n<\/ul>\n<p>&nbsp;<\/p>\n<p>08.00 - 18.00 Uhr: max. Parkdauer 4 Std.<\/p>\n<p>18.00 - 08.00: Parkzeit unbegrenzt<\/p>\n<p>&nbsp;<\/p>\n<h5>Maximale Fahrzeugh\u00f6he: <strong>?<\/strong><\/h5>\n<hr \/>\n<p>&nbsp;<\/p>\n<h2 id=\"usznord\" class=\"offset\"><img decoding=\"async\" class=\"alignnone size-full wp-image-4390\" src=\"http:\/\/sharep.io\/wp-content\/uploads\/2021\/08\/Zrzut-ekranu-2021-09-9-o-13.24.30.png\" alt=\"\" width=\"1332\" height=\"1026\" srcset=\"https:\/\/sharep.io\/wp-content\/uploads\/2021\/08\/Zrzut-ekranu-2021-09-9-o-13.24.30.png 1332w, https:\/\/sharep.io\/wp-content\/uploads\/2021\/08\/Zrzut-ekranu-2021-09-9-o-13.24.30-300x231.png 300w, https:\/\/sharep.io\/wp-content\/uploads\/2021\/08\/Zrzut-ekranu-2021-09-9-o-13.24.30-1024x789.png 1024w, https:\/\/sharep.io\/wp-content\/uploads\/2021\/08\/Zrzut-ekranu-2021-09-9-o-13.24.30-768x592.png 768w\" sizes=\"(max-width: 1332px) 100vw, 1332px\" \/><\/h2>\n<h2><\/h2>\n<p>&nbsp;<\/p>\n<h2><strong>USZ Nord<br \/>\n<\/strong><\/h2>\n<p>90 Pl\u00e4tze, <strong>365 Tage, 24 Stunden ge\u00f6ffnet<br \/>\n<\/strong><\/p>\n<p>Frauenklinikstrasse, 8091 Z\u00fcrich<\/p>\n\n<p>&nbsp;<\/p>\n<p>Standardgeb\u00fchren:<\/p>\n<ul>\n<li>CHF 2.50 f\u00fcr <strong>alle 30 Minuten<\/strong>;<\/li>\n<li>CHF 42.00 f\u00fcr <strong>Tageskarte<\/strong> (ab 10 Stunden);<\/li>\n<\/ul>\n<p>Nachts <strong>(21:00 &#8211; 8:00)<\/strong> :<\/p>\n<ul>\n<li>CHF 1.00 f\u00fcr <strong>jede <\/strong>Stunde;<\/li>\n<\/ul>\n<p>&nbsp;<\/p>\n<h5>Maximale Fahrzeugh\u00f6he: <strong>2.0<\/strong><strong>0 m<\/strong><\/h5>\n<hr \/>\n<p>&nbsp;<\/p>\n<h2 id=\"uszsud\" class=\"offset\"><img decoding=\"async\" class=\"alignnone size-full wp-image-4476\" src=\"http:\/\/sharep.io\/wp-content\/uploads\/2021\/08\/USZ-SUD-SHAREP.png\" alt=\"\" width=\"4032\" height=\"3024\" srcset=\"https:\/\/sharep.io\/wp-content\/uploads\/2021\/08\/USZ-SUD-SHAREP.png 4032w, https:\/\/sharep.io\/wp-content\/uploads\/2021\/08\/USZ-SUD-SHAREP-300x225.png 300w, https:\/\/sharep.io\/wp-content\/uploads\/2021\/08\/USZ-SUD-SHAREP-1024x768.png 1024w, https:\/\/sharep.io\/wp-content\/uploads\/2021\/08\/USZ-SUD-SHAREP-768x576.png 768w, https:\/\/sharep.io\/wp-content\/uploads\/2021\/08\/USZ-SUD-SHAREP-1536x1152.png 1536w, https:\/\/sharep.io\/wp-content\/uploads\/2021\/08\/USZ-SUD-SHAREP-2048x1536.png 2048w\" sizes=\"(max-width: 4032px) 100vw, 4032px\" \/><\/h2>\n<h2><strong>USZ Sud<br \/>\n<\/strong><\/h2>\n<p>80 Pl\u00e4tze, <strong>365 Tage, 24 Stunden ge\u00f6ffnet<br \/>\n<\/strong><\/p>\n<p>Gloriastrasse, 8091 Z\u00fcrich<\/p>\n\n<p>&nbsp;<\/p>\n<p>Standardgeb\u00fchren:<\/p>\n<ul>\n<li>CHF 2.50 f\u00fcr <strong>alle 30 Minuten<\/strong>;<\/li>\n<li>CHF 42.00 f\u00fcr <strong>Tageskarte<\/strong> (ab 10 Stunden);<\/li>\n<li>CHF 50.00 f\u00fcr verlorenes Ticket;<\/li>\n<\/ul>\n<p>Nachts <strong>(21:00 &#8211; 8:00)<\/strong> :<\/p>\n<ul>\n<li>CHF 1.00 f\u00fcr <strong>jede <\/strong>Stunde;<\/li>\n<\/ul>\n<p>&nbsp;<\/p>\n<h5>Maximale Fahrzeugh\u00f6he: <strong>?<\/strong><strong><br \/>\n<\/strong><\/h5>\n<hr \/>\n<p>&nbsp;<\/p>\n<h2 id=\"Utoquai\" class=\"offset\"><img decoding=\"async\" class=\"alignnone size-full wp-image-4384\" src=\"http:\/\/sharep.io\/wp-content\/uploads\/2021\/08\/Zrzut-ekranu-2021-09-9-o-13.19.55.png\" alt=\"\" width=\"1522\" height=\"1140\" srcset=\"https:\/\/sharep.io\/wp-content\/uploads\/2021\/08\/Zrzut-ekranu-2021-09-9-o-13.19.55.png 1522w, https:\/\/sharep.io\/wp-content\/uploads\/2021\/08\/Zrzut-ekranu-2021-09-9-o-13.19.55-300x225.png 300w, https:\/\/sharep.io\/wp-content\/uploads\/2021\/08\/Zrzut-ekranu-2021-09-9-o-13.19.55-1024x767.png 1024w, https:\/\/sharep.io\/wp-content\/uploads\/2021\/08\/Zrzut-ekranu-2021-09-9-o-13.19.55-768x575.png 768w\" sizes=\"(max-width: 1522px) 100vw, 1522px\" \/><\/h2>\n<h2><\/h2>\n<p>&nbsp;<\/p>\n<h2><strong>Utoquai<\/strong><\/h2>\n<p>120 Parkpl\u00e4tze, <strong>365 Tage, 24 Stunden ge\u00f6ffnet<br \/>\n<\/strong><\/p>\n<p>F\u00e4rberstrasse 6, 8008 Z\u00fcrich<\/p>\n\n<p>&nbsp;<\/p>\n<p>Standardgeb\u00fchren:<\/p>\n<ul>\n<li>CHF 2.00 f\u00fcr <strong>alle 30 Minuten<\/strong> = CHF 4.00 pro 1 Stunde;<\/li>\n<li>CHF 37.00 Tageskarte;<\/li>\n<\/ul>\n<p>Nachtgeb\u00fchren <strong>(22:00 - 6:00), <\/strong>Sonntags und an Feiertagen:<\/p>\n<ul>\n<li>CHF 3.00 f\u00fcr <strong>jede weitere <\/strong>Stunde;<\/li>\n<\/ul>\n<p>Abonnement:<\/p>\n<ul>\n<li>Park 10% g\u00fcnstiger Wert CHF 220 | Preis CHF 200<\/li>\n<\/ul>\n<p>&nbsp;<\/p>\n<p>&nbsp;<\/p>\n<h5>Maximale Fahrzeugh\u00f6he: <strong>2.0<\/strong><strong>0 m<\/strong><\/h5>\n<p>&nbsp;<\/p>\n<h6>Allgemeine Informationen:<\/h6>\n<p>Nur werktags: Die 1. Stunde ist kostenlos,<br \/>\nwenn Sie Ihr Auto w\u00e4hrend der Parkzeit waschen lassen<\/p>\n<p>Tankstelle<\/p>\n<p>Autow\u00e4sche<\/p>\n<p>Dauermiete<\/p>\n<hr \/>\n<p><img decoding=\"async\" class=\"alignnone size-full wp-image-4460\" src=\"http:\/\/sharep.io\/wp-content\/uploads\/2021\/08\/Parking-Zuri-11-Shopping-centre-in-Zuirch-Share.P.png\" alt=\"\" width=\"4032\" height=\"3024\" srcset=\"https:\/\/sharep.io\/wp-content\/uploads\/2021\/08\/Parking-Zuri-11-Shopping-centre-in-Zuirch-Share.P.png 4032w, https:\/\/sharep.io\/wp-content\/uploads\/2021\/08\/Parking-Zuri-11-Shopping-centre-in-Zuirch-Share.P-300x225.png 300w, https:\/\/sharep.io\/wp-content\/uploads\/2021\/08\/Parking-Zuri-11-Shopping-centre-in-Zuirch-Share.P-1024x768.png 1024w, https:\/\/sharep.io\/wp-content\/uploads\/2021\/08\/Parking-Zuri-11-Shopping-centre-in-Zuirch-Share.P-768x576.png 768w, https:\/\/sharep.io\/wp-content\/uploads\/2021\/08\/Parking-Zuri-11-Shopping-centre-in-Zuirch-Share.P-1536x1152.png 1536w, https:\/\/sharep.io\/wp-content\/uploads\/2021\/08\/Parking-Zuri-11-Shopping-centre-in-Zuirch-Share.P-2048x1536.png 2048w\" sizes=\"(max-width: 4032px) 100vw, 4032px\" \/><\/p>\n<p>&nbsp;<\/p>\n<h2 id=\"zuri\" class=\"offset\"><strong>Z\u00fcri 11<\/strong><\/h2>\n<p>97 Pl\u00e4tze, <strong>T\u00e4glich ge\u00f6ffnet 06:00 - 01:00<br \/>\n<\/strong><\/p>\n<p>Nansenstrasse 5\/7, 8050 Z\u00fcrich<\/p>\n\n<p>&nbsp;<\/p>\n<p>Ladeger\u00e4te:<\/p>\n<ul>\n<li>CHF 1.00 <strong>minimal<\/strong> <strong>Geb\u00fchr<\/strong> 30 Minuten lang;<\/li>\n<li>CHF 2.00 f\u00fcr die erste Stunde;<\/li>\n<li>CHF 4.00 f\u00fcr 2 Stunden;<\/li>\n<li>CHF 7.00 f\u00fcr 3 Stunden;<\/li>\n<li>CHF 10.00 f\u00fcr 4 Stunden;<\/li>\n<li>CHF 3.00 f\u00fcr <strong>jede weitere <\/strong>Stunde;<\/li>\n<\/ul>\n<p>Nachts <strong>(21:00 - 7:00)<\/strong> :<\/p>\n<ul>\n<li>CHF 1.00 f\u00fcr jede Stunde;<\/li>\n<\/ul>\n<p>&nbsp;<\/p>\n<h5>Maximale Fahrzeugh\u00f6he: <strong>2.00 m<\/strong><\/h5>\n<hr \/>\n<p><img decoding=\"async\" class=\"alignnone size-full wp-image-4387\" src=\"http:\/\/sharep.io\/wp-content\/uploads\/2021\/08\/Zrzut-ekranu-2021-09-9-o-13.22.41.png\" alt=\"\" width=\"1514\" height=\"1128\" srcset=\"https:\/\/sharep.io\/wp-content\/uploads\/2021\/08\/Zrzut-ekranu-2021-09-9-o-13.22.41.png 1514w, https:\/\/sharep.io\/wp-content\/uploads\/2021\/08\/Zrzut-ekranu-2021-09-9-o-13.22.41-300x224.png 300w, https:\/\/sharep.io\/wp-content\/uploads\/2021\/08\/Zrzut-ekranu-2021-09-9-o-13.22.41-1024x763.png 1024w, https:\/\/sharep.io\/wp-content\/uploads\/2021\/08\/Zrzut-ekranu-2021-09-9-o-13.22.41-768x572.png 768w\" sizes=\"(max-width: 1514px) 100vw, 1514px\" \/><\/p>\n<p>&nbsp;<\/p>\n<h2 id=\"zurich\" class=\"offset\"><strong>Z\u00fcrichhorn<\/strong><\/h2>\n<p>30 Parkpl\u00e4tze, <strong>365 Tage, 24 Stunden in Betrieb<\/strong><\/p>\n<p><strong>\u00a0<\/strong><\/p>\n<p>Dufourstrasse 142, 8008 Z\u00fcrich<\/p>\n\n<p>&nbsp;<\/p>\n<p>Ladeger\u00e4te:<\/p>\n<ul>\n<li>CHF 3.00 <strong>minimal<\/strong> <strong>Geb\u00fchr<\/strong> 60 Minuten lang;<\/li>\n<li>CHF 3.00 f\u00fcr jede weitere Stunde bis 5 Stunden;<\/li>\n<li>CHF 2.00 f\u00fcr jede weitere Stunde \u00fcber 5 Stunden bis 9 Stunden;<\/li>\n<li>CHF 25.00 f\u00fcr <strong>Tageskarte<\/strong>;<\/li>\n<\/ul>\n<p>Nachts <strong>(21:00 - 0:30)<\/strong> :<\/p>\n<ul>\n<li>CHF 1.00 f\u00fcr jede Stunde;<\/li>\n<\/ul>\n<p>Sonntag und Feiertage:<\/p>\n<ul>\n<li>CHF 1.00 f\u00fcr jede 30 Minuten Stunde;<\/li>\n<\/ul>\n<p>&nbsp;<\/p>\n<h5>Maximale Fahrzeugh\u00f6he: <strong>2.00 m<\/strong><\/h5>\n<p>&nbsp;<\/p>\n<h6>Allgemeine Informationen:<\/h6>\n<p>Tankstelle mit Service<\/p>\n<p>Autow\u00e4sche<\/p>\n<p>Dauermiete<\/p>\n<hr \/>\n<p>&nbsp;<\/p>\n<p>&nbsp;<\/p>\n<hr \/>\n<p>Update<\/p>\n<p>14.08.2026<\/p>\n<p>Quelle<\/p>\n<p><a href=\"https:\/\/parkleitsystem.ch\/\">parkleitsystem.ch<\/a><\/p>\n\n\n<h2 class=\"wp-block-heading\">Parkieren mit ShareP in Z\u00fcrich<\/h2>\n\n\n\n<ul class=\"wp-block-list\">\n<li><a href=\"https:\/\/sharep.io\/ch\/parken\/parkplatz-gagliardiweg-6\/\">Parkplatz Gagliardiweg 6<\/a> \u2013 Oerlikon, ab 2 CHF\/h<\/li>\n\n\n\n<li><a href=\"https:\/\/sharep.io\/ch\/parken\/parkplatz-mullerstrase-hinter-dem-gebaude\/\">Parkplatz M\u00fcllerstrasse 16<\/a> \u2013 Kreis 4, ab 3 CHF\/h<\/li>\n\n\n\n<li><a href=\"https:\/\/sharep.io\/ch\/parken\/werdholzlistrasse-12\/\">Parkplatz Werdh\u00f6lzlistrasse 12<\/a> \u2013 Altstetten, ab 1 CHF\/h<\/li>\n<\/ul>","protected":false},"excerpt":{"rendered":"<p>A complete guide to parking in Zurich &#8211; on streets, in parking lots, with sharing private spaces and cheap parking in Zurich Here we explain all parking rules in Zurich: ranking of parking areas, the cheapest parking spots, the functioning of public paid parking zones, EV charging points \u2013 and it&#8217;s all divided by location. [&hellip;]<\/p>\n","protected":false},"author":4,"featured_media":4493,"comment_status":"open","ping_status":"open","sticky":false,"template":"","format":"standard","meta":{"_acf_changed":false,"_eb_attr":"","inline_featured_image":false,"footnotes":""},"categories":[175],"tags":[],"class_list":["post-4023","post","type-post","status-publish","format-standard","has-post-thumbnail","hentry","category-zurich"],"acf":[],"yoast_head":"<!-- This site is optimized with the Yoast SEO plugin v28.3 - https:\/\/yoast.com\/product\/yoast-seo-wordpress\/ -->\n<title>Parking in Zurich guides - areas, paid zones, sharing private spaces - Share.P<\/title>\n<meta name=\"robots\" content=\"index, follow, max-snippet:-1, max-image-preview:large, max-video-preview:-1\" \/>\n<link rel=\"canonical\" href=\"https:\/\/sharep.io\/ch\/parken-in-zurich-fuhrerzonen-gebuhrenpflichtige-zonen-mitbenutzung-privater-platze\/\" \/>\n<meta property=\"og:locale\" content=\"de_DE\" \/>\n<meta property=\"og:type\" content=\"article\" \/>\n<meta property=\"og:title\" content=\"Parking in Zurich guides - areas, paid zones, sharing private spaces - Share.P\" \/>\n<meta property=\"og:description\" content=\"A complete guide to parking in Zurich &#8211; on streets, in parking lots, with sharing private spaces and cheap parking in Zurich Here we explain all parking rules in Zurich: ranking of parking areas, the cheapest parking spots, the functioning of public paid parking zones, EV charging points \u2013 and it&#8217;s all divided by location. [&hellip;]\" \/>\n<meta property=\"og:url\" content=\"https:\/\/sharep.io\/ch\/parken-in-zurich-fuhrerzonen-gebuhrenpflichtige-zonen-mitbenutzung-privater-platze\/\" \/>\n<meta property=\"og:site_name\" content=\"Share.P\" \/>\n<meta property=\"article:published_time\" content=\"2021-08-29T18:14:39+00:00\" \/>\n<meta property=\"article:modified_time\" content=\"2026-08-20T07:56:53+00:00\" \/>\n<meta property=\"og:image\" content=\"https:\/\/sharep.io\/wp-content\/uploads\/2021\/08\/buildings-embankment-zurich-scaled.jpeg\" \/>\n\t<meta property=\"og:image:width\" content=\"2560\" \/>\n\t<meta property=\"og:image:height\" content=\"1624\" \/>\n\t<meta property=\"og:image:type\" content=\"image\/jpeg\" \/>\n<meta name=\"author\" content=\"s.grzesiak\" \/>\n<meta name=\"twitter:card\" content=\"summary_large_image\" \/>\n<meta name=\"twitter:label1\" content=\"Geschrieben von\" \/>\n\t<meta name=\"twitter:data1\" content=\"s.grzesiak\" \/>\n\t<meta name=\"twitter:label2\" content=\"Gesch\u00e4tzte Lesezeit\" \/>\n\t<meta name=\"twitter:data2\" content=\"21\u00a0Minuten\" \/>\n<script type=\"application\/ld+json\" class=\"yoast-schema-graph\">{\"@context\":\"https:\\\/\\\/schema.org\",\"@graph\":[{\"@type\":\"Article\",\"@id\":\"https:\\\/\\\/sharep.io\\\/parking-in-zurich-guides-areas-paid-zones-sharing-private-spaces\\\/#article\",\"isPartOf\":{\"@id\":\"https:\\\/\\\/sharep.io\\\/parking-in-zurich-guides-areas-paid-zones-sharing-private-spaces\\\/\"},\"author\":{\"name\":\"s.grzesiak\",\"@id\":\"https:\\\/\\\/sharep.io\\\/#\\\/schema\\\/person\\\/762c52aeb81d9a7feae995ffd45b205f\"},\"headline\":\"Parking in Zurich guides &#8211; areas, paid zones, sharing private spaces\",\"datePublished\":\"2021-08-29T18:14:39+00:00\",\"dateModified\":\"2026-08-20T07:56:53+00:00\",\"mainEntityOfPage\":{\"@id\":\"https:\\\/\\\/sharep.io\\\/parking-in-zurich-guides-areas-paid-zones-sharing-private-spaces\\\/\"},\"wordCount\":4262,\"commentCount\":0,\"publisher\":{\"@id\":\"https:\\\/\\\/sharep.io\\\/#organization\"},\"image\":{\"@id\":\"https:\\\/\\\/sharep.io\\\/parking-in-zurich-guides-areas-paid-zones-sharing-private-spaces\\\/#primaryimage\"},\"thumbnailUrl\":\"https:\\\/\\\/sharep.io\\\/wp-content\\\/uploads\\\/2021\\\/08\\\/buildings-embankment-zurich-scaled.jpeg\",\"articleSection\":[\"Zurich\"],\"inLanguage\":\"de-CH\",\"potentialAction\":[{\"@type\":\"CommentAction\",\"name\":\"Comment\",\"target\":[\"https:\\\/\\\/sharep.io\\\/parking-in-zurich-guides-areas-paid-zones-sharing-private-spaces\\\/#respond\"]}]},{\"@type\":\"WebPage\",\"@id\":\"https:\\\/\\\/sharep.io\\\/parking-in-zurich-guides-areas-paid-zones-sharing-private-spaces\\\/\",\"url\":\"https:\\\/\\\/sharep.io\\\/parking-in-zurich-guides-areas-paid-zones-sharing-private-spaces\\\/\",\"name\":\"Parking in Zurich guides - areas, paid zones, sharing private spaces - Share.P\",\"isPartOf\":{\"@id\":\"https:\\\/\\\/sharep.io\\\/#website\"},\"primaryImageOfPage\":{\"@id\":\"https:\\\/\\\/sharep.io\\\/parking-in-zurich-guides-areas-paid-zones-sharing-private-spaces\\\/#primaryimage\"},\"image\":{\"@id\":\"https:\\\/\\\/sharep.io\\\/parking-in-zurich-guides-areas-paid-zones-sharing-private-spaces\\\/#primaryimage\"},\"thumbnailUrl\":\"https:\\\/\\\/sharep.io\\\/wp-content\\\/uploads\\\/2021\\\/08\\\/buildings-embankment-zurich-scaled.jpeg\",\"datePublished\":\"2021-08-29T18:14:39+00:00\",\"dateModified\":\"2026-08-20T07:56:53+00:00\",\"breadcrumb\":{\"@id\":\"https:\\\/\\\/sharep.io\\\/parking-in-zurich-guides-areas-paid-zones-sharing-private-spaces\\\/#breadcrumb\"},\"inLanguage\":\"de-CH\",\"potentialAction\":[{\"@type\":\"ReadAction\",\"target\":[\"https:\\\/\\\/sharep.io\\\/parking-in-zurich-guides-areas-paid-zones-sharing-private-spaces\\\/\"]}]},{\"@type\":\"ImageObject\",\"inLanguage\":\"de-CH\",\"@id\":\"https:\\\/\\\/sharep.io\\\/parking-in-zurich-guides-areas-paid-zones-sharing-private-spaces\\\/#primaryimage\",\"url\":\"https:\\\/\\\/sharep.io\\\/wp-content\\\/uploads\\\/2021\\\/08\\\/buildings-embankment-zurich-scaled.jpeg\",\"contentUrl\":\"https:\\\/\\\/sharep.io\\\/wp-content\\\/uploads\\\/2021\\\/08\\\/buildings-embankment-zurich-scaled.jpeg\",\"width\":2560,\"height\":1624},{\"@type\":\"BreadcrumbList\",\"@id\":\"https:\\\/\\\/sharep.io\\\/parking-in-zurich-guides-areas-paid-zones-sharing-private-spaces\\\/#breadcrumb\",\"itemListElement\":[{\"@type\":\"ListItem\",\"position\":1,\"name\":\"Home\",\"item\":\"https:\\\/\\\/sharep.io\\\/\"},{\"@type\":\"ListItem\",\"position\":2,\"name\":\"Parking in Zurich guides &#8211; areas, paid zones, sharing private spaces\"}]},{\"@type\":\"WebSite\",\"@id\":\"https:\\\/\\\/sharep.io\\\/#website\",\"url\":\"https:\\\/\\\/sharep.io\\\/\",\"name\":\"Share.P\",\"description\":\"Sustainable Parking Management\",\"publisher\":{\"@id\":\"https:\\\/\\\/sharep.io\\\/#organization\"},\"potentialAction\":[{\"@type\":\"SearchAction\",\"target\":{\"@type\":\"EntryPoint\",\"urlTemplate\":\"https:\\\/\\\/sharep.io\\\/?s={search_term_string}\"},\"query-input\":{\"@type\":\"PropertyValueSpecification\",\"valueRequired\":true,\"valueName\":\"search_term_string\"}}],\"inLanguage\":\"de-CH\"},{\"@type\":\"Organization\",\"@id\":\"https:\\\/\\\/sharep.io\\\/#organization\",\"name\":\"Share.P\",\"url\":\"https:\\\/\\\/sharep.io\\\/\",\"logo\":{\"@type\":\"ImageObject\",\"inLanguage\":\"de-CH\",\"@id\":\"https:\\\/\\\/sharep.io\\\/#\\\/schema\\\/logo\\\/image\\\/\",\"url\":\"https:\\\/\\\/sharep.io\\\/wp-content\\\/uploads\\\/2026\\\/03\\\/logo-sharep-management.svg\",\"contentUrl\":\"https:\\\/\\\/sharep.io\\\/wp-content\\\/uploads\\\/2026\\\/03\\\/logo-sharep-management.svg\",\"width\":\"1024\",\"height\":\"1024\",\"caption\":\"Share.P\"},\"image\":{\"@id\":\"https:\\\/\\\/sharep.io\\\/#\\\/schema\\\/logo\\\/image\\\/\"},\"sameAs\":[\"https:\\\/\\\/www.linkedin.com\\\/company\\\/stellos\"]},{\"@type\":\"Person\",\"@id\":\"https:\\\/\\\/sharep.io\\\/#\\\/schema\\\/person\\\/762c52aeb81d9a7feae995ffd45b205f\",\"name\":\"s.grzesiak\",\"image\":{\"@type\":\"ImageObject\",\"inLanguage\":\"de-CH\",\"@id\":\"https:\\\/\\\/secure.gravatar.com\\\/avatar\\\/39cf366c84e982bb653852187de1bf8df478a97bcfa03e80c07db84ce6c6847e?s=96&d=mm&r=g\",\"url\":\"https:\\\/\\\/secure.gravatar.com\\\/avatar\\\/39cf366c84e982bb653852187de1bf8df478a97bcfa03e80c07db84ce6c6847e?s=96&d=mm&r=g\",\"contentUrl\":\"https:\\\/\\\/secure.gravatar.com\\\/avatar\\\/39cf366c84e982bb653852187de1bf8df478a97bcfa03e80c07db84ce6c6847e?s=96&d=mm&r=g\",\"caption\":\"s.grzesiak\"},\"url\":\"https:\\\/\\\/sharep.io\\\/ch\\\/author\\\/s-grzesiak\\\/\"}]}<\/script>\n<!-- \/ Yoast SEO plugin. -->","yoast_head_json":{"title":"Parken in Z\u00fcrich F\u00fchrer - Bereiche, bezahlte Zonen, gemeinsame Nutzung privater Parkpl\u00e4tze - Share.P","robots":{"index":"index","follow":"follow","max-snippet":"max-snippet:-1","max-image-preview":"max-image-preview:large","max-video-preview":"max-video-preview:-1"},"canonical":"https:\/\/sharep.io\/ch\/parken-in-zurich-fuhrerzonen-gebuhrenpflichtige-zonen-mitbenutzung-privater-platze\/","og_locale":"de_DE","og_type":"article","og_title":"Parking in Zurich guides - areas, paid zones, sharing private spaces - Share.P","og_description":"A complete guide to parking in Zurich &#8211; on streets, in parking lots, with sharing private spaces and cheap parking in Zurich Here we explain all parking rules in Zurich: ranking of parking areas, the cheapest parking spots, the functioning of public paid parking zones, EV charging points \u2013 and it&#8217;s all divided by location. [&hellip;]","og_url":"https:\/\/sharep.io\/ch\/parken-in-zurich-fuhrerzonen-gebuhrenpflichtige-zonen-mitbenutzung-privater-platze\/","og_site_name":"Share.P","article_published_time":"2021-08-29T18:14:39+00:00","article_modified_time":"2026-08-20T07:56:53+00:00","og_image":[{"width":2560,"height":1624,"url":"https:\/\/sharep.io\/wp-content\/uploads\/2021\/08\/buildings-embankment-zurich-scaled.jpeg","type":"image\/jpeg"}],"author":"s.grzesiak","twitter_card":"summary_large_image","twitter_misc":{"Geschrieben von":"s.grzesiak","Gesch\u00e4tzte Lesezeit":"21\u00a0Minuten"},"schema":{"@context":"https:\/\/schema.org","@graph":[{"@type":"Article","@id":"https:\/\/sharep.io\/parking-in-zurich-guides-areas-paid-zones-sharing-private-spaces\/#article","isPartOf":{"@id":"https:\/\/sharep.io\/parking-in-zurich-guides-areas-paid-zones-sharing-private-spaces\/"},"author":{"name":"s.grzesiak","@id":"https:\/\/sharep.io\/#\/schema\/person\/762c52aeb81d9a7feae995ffd45b205f"},"headline":"Parking in Zurich guides &#8211; areas, paid zones, sharing private spaces","datePublished":"2021-08-29T18:14:39+00:00","dateModified":"2026-08-20T07:56:53+00:00","mainEntityOfPage":{"@id":"https:\/\/sharep.io\/parking-in-zurich-guides-areas-paid-zones-sharing-private-spaces\/"},"wordCount":4262,"commentCount":0,"publisher":{"@id":"https:\/\/sharep.io\/#organization"},"image":{"@id":"https:\/\/sharep.io\/parking-in-zurich-guides-areas-paid-zones-sharing-private-spaces\/#primaryimage"},"thumbnailUrl":"https:\/\/sharep.io\/wp-content\/uploads\/2021\/08\/buildings-embankment-zurich-scaled.jpeg","articleSection":["Zurich"],"inLanguage":"de-CH","potentialAction":[{"@type":"CommentAction","name":"Comment","target":["https:\/\/sharep.io\/parking-in-zurich-guides-areas-paid-zones-sharing-private-spaces\/#respond"]}]},{"@type":"WebPage","@id":"https:\/\/sharep.io\/parking-in-zurich-guides-areas-paid-zones-sharing-private-spaces\/","url":"https:\/\/sharep.io\/parking-in-zurich-guides-areas-paid-zones-sharing-private-spaces\/","name":"Parken in Z\u00fcrich F\u00fchrer - Bereiche, bezahlte Zonen, gemeinsame Nutzung privater Parkpl\u00e4tze - Share.P","isPartOf":{"@id":"https:\/\/sharep.io\/#website"},"primaryImageOfPage":{"@id":"https:\/\/sharep.io\/parking-in-zurich-guides-areas-paid-zones-sharing-private-spaces\/#primaryimage"},"image":{"@id":"https:\/\/sharep.io\/parking-in-zurich-guides-areas-paid-zones-sharing-private-spaces\/#primaryimage"},"thumbnailUrl":"https:\/\/sharep.io\/wp-content\/uploads\/2021\/08\/buildings-embankment-zurich-scaled.jpeg","datePublished":"2021-08-29T18:14:39+00:00","dateModified":"2026-08-20T07:56:53+00:00","breadcrumb":{"@id":"https:\/\/sharep.io\/parking-in-zurich-guides-areas-paid-zones-sharing-private-spaces\/#breadcrumb"},"inLanguage":"de-CH","potentialAction":[{"@type":"ReadAction","target":["https:\/\/sharep.io\/parking-in-zurich-guides-areas-paid-zones-sharing-private-spaces\/"]}]},{"@type":"ImageObject","inLanguage":"de-CH","@id":"https:\/\/sharep.io\/parking-in-zurich-guides-areas-paid-zones-sharing-private-spaces\/#primaryimage","url":"https:\/\/sharep.io\/wp-content\/uploads\/2021\/08\/buildings-embankment-zurich-scaled.jpeg","contentUrl":"https:\/\/sharep.io\/wp-content\/uploads\/2021\/08\/buildings-embankment-zurich-scaled.jpeg","width":2560,"height":1624},{"@type":"BreadcrumbList","@id":"https:\/\/sharep.io\/parking-in-zurich-guides-areas-paid-zones-sharing-private-spaces\/#breadcrumb","itemListElement":[{"@type":"ListItem","position":1,"name":"Home","item":"https:\/\/sharep.io\/"},{"@type":"ListItem","position":2,"name":"Parking in Zurich guides &#8211; areas, paid zones, sharing private spaces"}]},{"@type":"WebSite","@id":"https:\/\/sharep.io\/#website","url":"https:\/\/sharep.io\/","name":"Share.P","description":"Sustainable Parking Management","publisher":{"@id":"https:\/\/sharep.io\/#organization"},"potentialAction":[{"@type":"SearchAction","target":{"@type":"EntryPoint","urlTemplate":"https:\/\/sharep.io\/?s={search_term_string}"},"query-input":{"@type":"PropertyValueSpecification","valueRequired":true,"valueName":"search_term_string"}}],"inLanguage":"de-CH"},{"@type":"Organization","@id":"https:\/\/sharep.io\/#organization","name":"Share.P","url":"https:\/\/sharep.io\/","logo":{"@type":"ImageObject","inLanguage":"de-CH","@id":"https:\/\/sharep.io\/#\/schema\/logo\/image\/","url":"https:\/\/sharep.io\/wp-content\/uploads\/2026\/03\/logo-sharep-management.svg","contentUrl":"https:\/\/sharep.io\/wp-content\/uploads\/2026\/03\/logo-sharep-management.svg","width":"1024","height":"1024","caption":"Share.P"},"image":{"@id":"https:\/\/sharep.io\/#\/schema\/logo\/image\/"},"sameAs":["https:\/\/www.linkedin.com\/company\/stellos"]},{"@type":"Person","@id":"https:\/\/sharep.io\/#\/schema\/person\/762c52aeb81d9a7feae995ffd45b205f","name":"s.grzesiak","image":{"@type":"ImageObject","inLanguage":"de-CH","@id":"https:\/\/secure.gravatar.com\/avatar\/39cf366c84e982bb653852187de1bf8df478a97bcfa03e80c07db84ce6c6847e?s=96&d=mm&r=g","url":"https:\/\/secure.gravatar.com\/avatar\/39cf366c84e982bb653852187de1bf8df478a97bcfa03e80c07db84ce6c6847e?s=96&d=mm&r=g","contentUrl":"https:\/\/secure.gravatar.com\/avatar\/39cf366c84e982bb653852187de1bf8df478a97bcfa03e80c07db84ce6c6847e?s=96&d=mm&r=g","caption":"s.grzesiak"},"url":"https:\/\/sharep.io\/ch\/author\/s-grzesiak\/"}]}},"_links":{"self":[{"href":"https:\/\/sharep.io\/ch\/wp-json\/wp\/v2\/posts\/4023","targetHints":{"allow":["GET"]}}],"collection":[{"href":"https:\/\/sharep.io\/ch\/wp-json\/wp\/v2\/posts"}],"about":[{"href":"https:\/\/sharep.io\/ch\/wp-json\/wp\/v2\/types\/post"}],"author":[{"embeddable":true,"href":"https:\/\/sharep.io\/ch\/wp-json\/wp\/v2\/users\/4"}],"replies":[{"embeddable":true,"href":"https:\/\/sharep.io\/ch\/wp-json\/wp\/v2\/comments?post=4023"}],"version-history":[{"count":409,"href":"https:\/\/sharep.io\/ch\/wp-json\/wp\/v2\/posts\/4023\/revisions"}],"predecessor-version":[{"id":24395,"href":"https:\/\/sharep.io\/ch\/wp-json\/wp\/v2\/posts\/4023\/revisions\/24395"}],"wp:featuredmedia":[{"embeddable":true,"href":"https:\/\/sharep.io\/ch\/wp-json\/wp\/v2\/media\/4493"}],"wp:attachment":[{"href":"https:\/\/sharep.io\/ch\/wp-json\/wp\/v2\/media?parent=4023"}],"wp:term":[{"taxonomy":"category","embeddable":true,"href":"https:\/\/sharep.io\/ch\/wp-json\/wp\/v2\/categories?post=4023"},{"taxonomy":"post_tag","embeddable":true,"href":"https:\/\/sharep.io\/ch\/wp-json\/wp\/v2\/tags?post=4023"}],"curies":[{"name":"wp","href":"https:\/\/api.w.org\/{rel}","templated":true}]}}